{"id":1,"date":"2020-05-09T18:29:25","date_gmt":"2020-05-09T18:29:25","guid":{"rendered":"https:\/\/nauvitoria.dynu.net\/sdpfp\/?p=1"},"modified":"2020-10-11T10:02:24","modified_gmt":"2020-10-11T10:02:24","slug":"celebracao-da-semana-da-vida","status":"publish","type":"post","link":"https:\/\/nauvitoria.dynu.net\/sdpfp\/celebracao-da-semana-da-vida\/","title":{"rendered":"Celebra\u00e7\u00e3o da Semana da Vida"},"content":{"rendered":"\r\n<div class=\"page\" title=\"Page 3\">\r\n<div class=\"layoutArea\">\r\n<div class=\"column\">\r\n<p>&#8220;A fragilidade humaniza a vida. As propostas que aqui se apresentam escrevem-se a partir da reflex\u00e3o sobre alguns pressupostos e convic\u00e7\u00f5es essenciais em torno do tema escolhido para a Semana da Vida 2020: \u201cA fragilidade humaniza a Vida\u201d. (&#8230;) A qualidade humana de uma sociedade avalia-se na qualidade dos dinamismos de solicitude e estrat\u00e9gias de cuidado dos seus membros mais fr\u00e1geis. S\u00f3 \u00e9 verdadeiramente humana uma sociedade compassiva, capaz de promover a justi\u00e7a social e os mecanismos da solidariedade que a reequilibrem quando as consequ\u00eancias da fragilidade humana partilhada por todos se abatem sobre alguns.&#8221;\u00a0(Excerto do documento)<\/p>\r\n<p style=\"text-align: center;\">Descarregar documentos<br \/>Ora\u00e7\u00e3o | Gui\u00e3o | Cartaz<\/p>\r\n<p style=\"text-align: center;\">\u00a0<\/p>\r\n<\/div>\r\n<\/div>\r\n<\/div>\r\n","protected":false},"excerpt":{"rendered":"<p>&#8220;A fragilidade humaniza a vida. As propostas que aqui se apresentam escrevem-se a partir da reflex\u00e3o sobre alguns pressupostos e convic\u00e7\u00f5es essenciais em torno do tema escolhido para a Semana da Vida 2020: \u201cA fragilidade humaniza a Vida\u201d. (&#8230;) A qualidade humana de uma sociedade avalia-se na qualidade dos dinamismos de solicitude e estrat\u00e9gias de [&hellip;]<\/p>\n","protected":false},"author":1,"featured_media":3349,"comment_status":"open","ping_status":"open","sticky":false,"template":"","format":"link","meta":{"_uag_custom_page_level_css":"","footnotes":""},"categories":[104],"tags":[],"class_list":{"0":"post-1","1":"post","2":"type-post","3":"status-publish","4":"format-link","5":"has-post-thumbnail","7":"category-semana-da-vida","8":"post_format-post-format-link","9":"czr-hentry"},"uagb_featured_image_src":{"full":["https:\/\/nauvitoria.dynu.net\/sdpfp\/wp-content\/uploads\/2020\/05\/t_semanaVida2020.jpg",250,201,false],"thumbnail":["https:\/\/nauvitoria.dynu.net\/sdpfp\/wp-content\/uploads\/2020\/05\/t_semanaVida2020-150x150.jpg",150,150,true],"medium":["https:\/\/nauvitoria.dynu.net\/sdpfp\/wp-content\/uploads\/2020\/05\/t_semanaVida2020.jpg",250,201,false],"medium_large":["https:\/\/nauvitoria.dynu.net\/sdpfp\/wp-content\/uploads\/2020\/05\/t_semanaVida2020.jpg",250,201,false],"large":["https:\/\/nauvitoria.dynu.net\/sdpfp\/wp-content\/uploads\/2020\/05\/t_semanaVida2020.jpg",250,201,false],"1536x1536":["https:\/\/nauvitoria.dynu.net\/sdpfp\/wp-content\/uploads\/2020\/05\/t_semanaVida2020.jpg",250,201,false],"2048x2048":["https:\/\/nauvitoria.dynu.net\/sdpfp\/wp-content\/uploads\/2020\/05\/t_semanaVida2020.jpg",250,201,false],"tc-grid-full":["https:\/\/nauvitoria.dynu.net\/sdpfp\/wp-content\/uploads\/2020\/05\/t_semanaVida2020.jpg",250,201,false],"tc-grid":["https:\/\/nauvitoria.dynu.net\/sdpfp\/wp-content\/uploads\/2020\/05\/t_semanaVida2020.jpg",250,201,false],"tc-thumb":["https:\/\/nauvitoria.dynu.net\/sdpfp\/wp-content\/uploads\/2020\/05\/t_semanaVida2020.jpg",250,201,false],"slider-full":["https:\/\/nauvitoria.dynu.net\/sdpfp\/wp-content\/uploads\/2020\/05\/t_semanaVida2020.jpg",250,201,false],"slider":["https:\/\/nauvitoria.dynu.net\/sdpfp\/wp-content\/uploads\/2020\/05\/t_semanaVida2020.jpg",250,201,false]},"uagb_author_info":{"display_name":"admin","author_link":"https:\/\/nauvitoria.dynu.net\/sdpfp\/author\/admin\/"},"uagb_comment_info":1,"uagb_excerpt":"&#8220;A fragilidade humaniza a vida. As propostas que aqui se apresentam escrevem-se a partir da reflex\u00e3o sobre alguns pressupostos e convic\u00e7\u00f5es essenciais em torno do tema escolhido para a Semana da Vida 2020: \u201cA fragilidade humaniza a Vida\u201d. (&#8230;) A qualidade humana de uma sociedade avalia-se na qualidade dos dinamismos de solicitude e estrat\u00e9gias de&hellip;","_links":{"self":[{"href":"https:\/\/nauvitoria.dynu.net\/sdpfp\/wp-json\/wp\/v2\/posts\/1"}],"collection":[{"href":"https:\/\/nauvitoria.dynu.net\/sdpfp\/wp-json\/wp\/v2\/posts"}],"about":[{"href":"https:\/\/nauvitoria.dynu.net\/sdpfp\/wp-json\/wp\/v2\/types\/post"}],"author":[{"embeddable":true,"href":"https:\/\/nauvitoria.dynu.net\/sdpfp\/wp-json\/wp\/v2\/users\/1"}],"replies":[{"embeddable":true,"href":"https:\/\/nauvitoria.dynu.net\/sdpfp\/wp-json\/wp\/v2\/comments?post=1"}],"version-history":[{"count":5,"href":"https:\/\/nauvitoria.dynu.net\/sdpfp\/wp-json\/wp\/v2\/posts\/1\/revisions"}],"predecessor-version":[{"id":3456,"href":"https:\/\/nauvitoria.dynu.net\/sdpfp\/wp-json\/wp\/v2\/posts\/1\/revisions\/3456"}],"wp:featuredmedia":[{"embeddable":true,"href":"https:\/\/nauvitoria.dynu.net\/sdpfp\/wp-json\/wp\/v2\/media\/3349"}],"wp:attachment":[{"href":"https:\/\/nauvitoria.dynu.net\/sdpfp\/wp-json\/wp\/v2\/media?parent=1"}],"wp:term":[{"taxonomy":"category","embeddable":true,"href":"https:\/\/nauvitoria.dynu.net\/sdpfp\/wp-json\/wp\/v2\/categories?post=1"},{"taxonomy":"post_tag","embeddable":true,"href":"https:\/\/nauvitoria.dynu.net\/sdpfp\/wp-json\/wp\/v2\/tags?post=1"}],"curies":[{"name":"wp","href":"https:\/\/api.w.org\/{rel}","templated":true}]}}