{"id":174,"date":"2019-11-08T00:00:38","date_gmt":"2019-11-08T00:00:38","guid":{"rendered":"http:\/\/theme-fusion.com\/avada\/classic\/?p=174"},"modified":"2020-08-21T18:15:11","modified_gmt":"2020-08-21T18:15:11","slug":"6o-encontro-diocesano-de-casais-novos","status":"publish","type":"post","link":"https:\/\/nauvitoria.dynu.net\/sdpfp\/6o-encontro-diocesano-de-casais-novos\/","title":{"rendered":"6\u00ba Encontro diocesano de casais novos"},"content":{"rendered":"<p>No dia 10 de novembro de 2019 haver\u00e1 lugar ao <strong>6\u00ba Encontro diocesano de casais novos, <\/strong>subordinado ao tema <strong>\u201cA fecundidade do casal\u201d<\/strong>. Ser\u00e1 na Casa de Vilar (Porto), das 14.30h \u00e0s 18.30h.<\/p>\n<p>Neste encontro, dirigido aos casais que celebraram o seu matrim\u00f3nio nos \u00faltimos 5 anos, vamos refletir sobre a gest\u00e3o da fertilidade do casal mas tamb\u00e9m sobre a fecundidade para al\u00e9m da paternidade, a inexist\u00eancia de filhos, a ado\u00e7\u00e3o e a situa\u00e7\u00e3o de filhos com necessidades especiais, com o aux\u00edlio do testemunho de alguns casais e da reflex\u00e3o em grupos.\u00a0O encontro terminar\u00e1 com a b\u00ean\u00e7\u00e3o dos casais pelo Senhor Bispo.<\/p>\n<p>A inscri\u00e7\u00e3o \u00e9 feita at\u00e9 <strong>3 de novembro<\/strong>, exclusivamente na internet, atrav\u00e9s do link: <a href=\"https:\/\/forms.gle\/Qc89FcLc5vV4ZS6Y6\">https:\/\/forms.gle\/Qc89FcLc5vV4ZS6Y6<\/a><\/p>\n","protected":false},"excerpt":{"rendered":"<p>No dia 10 de novembro de 2019 haver\u00e1 lugar ao 6\u00ba Encontro diocesano de casais novos, subordinado ao tema \u201cA fecundidade do casal\u201d. Ser\u00e1 na Casa de Vilar (Porto), das 14.30h \u00e0s 18.30h. Neste encontro, dirigido aos casais que celebraram o seu matrim\u00f3nio nos \u00faltimos 5 anos, vamos refletir sobre a gest\u00e3o da fertilidade do [&hellip;]<\/p>\n","protected":false},"author":1,"featured_media":3459,"comment_status":"open","ping_status":"open","sticky":false,"template":"","format":"standard","meta":{"_uag_custom_page_level_css":"","footnotes":""},"categories":[19],"tags":[],"class_list":{"0":"post-174","1":"post","2":"type-post","3":"status-publish","4":"format-standard","5":"has-post-thumbnail","7":"category-noticias","8":"czr-hentry"},"uagb_featured_image_src":{"full":["https:\/\/nauvitoria.dynu.net\/sdpfp\/wp-content\/uploads\/2016\/01\/casais_novos_2019.jpg",287,215,false],"thumbnail":["https:\/\/nauvitoria.dynu.net\/sdpfp\/wp-content\/uploads\/2016\/01\/casais_novos_2019-150x150.jpg",150,150,true],"medium":["https:\/\/nauvitoria.dynu.net\/sdpfp\/wp-content\/uploads\/2016\/01\/casais_novos_2019.jpg",287,215,false],"medium_large":["https:\/\/nauvitoria.dynu.net\/sdpfp\/wp-content\/uploads\/2016\/01\/casais_novos_2019.jpg",287,215,false],"large":["https:\/\/nauvitoria.dynu.net\/sdpfp\/wp-content\/uploads\/2016\/01\/casais_novos_2019.jpg",287,215,false],"1536x1536":["https:\/\/nauvitoria.dynu.net\/sdpfp\/wp-content\/uploads\/2016\/01\/casais_novos_2019.jpg",287,215,false],"2048x2048":["https:\/\/nauvitoria.dynu.net\/sdpfp\/wp-content\/uploads\/2016\/01\/casais_novos_2019.jpg",287,215,false],"tc-grid-full":["https:\/\/nauvitoria.dynu.net\/sdpfp\/wp-content\/uploads\/2016\/01\/casais_novos_2019.jpg",287,215,false],"tc-grid":["https:\/\/nauvitoria.dynu.net\/sdpfp\/wp-content\/uploads\/2016\/01\/casais_novos_2019.jpg",287,215,false],"tc-thumb":["https:\/\/nauvitoria.dynu.net\/sdpfp\/wp-content\/uploads\/2016\/01\/casais_novos_2019.jpg",270,202,false],"slider-full":["https:\/\/nauvitoria.dynu.net\/sdpfp\/wp-content\/uploads\/2016\/01\/casais_novos_2019.jpg",287,215,false],"slider":["https:\/\/nauvitoria.dynu.net\/sdpfp\/wp-content\/uploads\/2016\/01\/casais_novos_2019.jpg",287,215,false]},"uagb_author_info":{"display_name":"admin","author_link":"https:\/\/nauvitoria.dynu.net\/sdpfp\/author\/admin\/"},"uagb_comment_info":0,"uagb_excerpt":"No dia 10 de novembro de 2019 haver\u00e1 lugar ao 6\u00ba Encontro diocesano de casais novos, subordinado ao tema \u201cA fecundidade do casal\u201d. Ser\u00e1 na Casa de Vilar (Porto), das 14.30h \u00e0s 18.30h. Neste encontro, dirigido aos casais que celebraram o seu matrim\u00f3nio nos \u00faltimos 5 anos, vamos refletir sobre a gest\u00e3o da fertilidade do&hellip;","_links":{"self":[{"href":"https:\/\/nauvitoria.dynu.net\/sdpfp\/wp-json\/wp\/v2\/posts\/174"}],"collection":[{"href":"https:\/\/nauvitoria.dynu.net\/sdpfp\/wp-json\/wp\/v2\/posts"}],"about":[{"href":"https:\/\/nauvitoria.dynu.net\/sdpfp\/wp-json\/wp\/v2\/types\/post"}],"author":[{"embeddable":true,"href":"https:\/\/nauvitoria.dynu.net\/sdpfp\/wp-json\/wp\/v2\/users\/1"}],"replies":[{"embeddable":true,"href":"https:\/\/nauvitoria.dynu.net\/sdpfp\/wp-json\/wp\/v2\/comments?post=174"}],"version-history":[{"count":2,"href":"https:\/\/nauvitoria.dynu.net\/sdpfp\/wp-json\/wp\/v2\/posts\/174\/revisions"}],"predecessor-version":[{"id":3460,"href":"https:\/\/nauvitoria.dynu.net\/sdpfp\/wp-json\/wp\/v2\/posts\/174\/revisions\/3460"}],"wp:featuredmedia":[{"embeddable":true,"href":"https:\/\/nauvitoria.dynu.net\/sdpfp\/wp-json\/wp\/v2\/media\/3459"}],"wp:attachment":[{"href":"https:\/\/nauvitoria.dynu.net\/sdpfp\/wp-json\/wp\/v2\/media?parent=174"}],"wp:term":[{"taxonomy":"category","embeddable":true,"href":"https:\/\/nauvitoria.dynu.net\/sdpfp\/wp-json\/wp\/v2\/categories?post=174"},{"taxonomy":"post_tag","embeddable":true,"href":"https:\/\/nauvitoria.dynu.net\/sdpfp\/wp-json\/wp\/v2\/tags?post=174"}],"curies":[{"name":"wp","href":"https:\/\/api.w.org\/{rel}","templated":true}]}}