{"id":180,"date":"2020-08-20T09:30:03","date_gmt":"2020-08-20T09:30:03","guid":{"rendered":"http:\/\/theme-fusion.com\/avada\/classic\/?p=180"},"modified":"2020-08-21T18:23:16","modified_gmt":"2020-08-21T18:23:16","slug":"as-criancas-a-morte-e-o-luto","status":"publish","type":"post","link":"https:\/\/nauvitoria.dynu.net\/sdpfp\/as-criancas-a-morte-e-o-luto\/","title":{"rendered":"As crian\u00e7as, a morte e o luto"},"content":{"rendered":"<p>[fusion_builder_container hundred_percent=&#8221;no&#8221; equal_height_columns=&#8221;no&#8221; menu_anchor=&#8221;&#8221; hide_on_mobile=&#8221;small-visibility,medium-visibility,large-visibility&#8221; class=&#8221;&#8221; id=&#8221;&#8221; background_color=&#8221;&#8221; background_image=&#8221;&#8221; background_position=&#8221;center center&#8221; background_repeat=&#8221;no-repeat&#8221; fade=&#8221;no&#8221; background_parallax=&#8221;none&#8221; parallax_speed=&#8221;0.3&#8243; video_mp4=&#8221;&#8221; video_webm=&#8221;&#8221; video_ogv=&#8221;&#8221; video_url=&#8221;&#8221; video_aspect_ratio=&#8221;16:9&#8243; video_loop=&#8221;yes&#8221; video_mute=&#8221;yes&#8221; overlay_color=&#8221;&#8221; video_preview_image=&#8221;&#8221; border_color=&#8221;&#8221; border_style=&#8221;solid&#8221; padding_top=&#8221;&#8221; padding_bottom=&#8221;&#8221; padding_left=&#8221;&#8221; padding_right=&#8221;&#8221; type=&#8221;legacy&#8221;][fusion_builder_row][fusion_builder_column type=&#8221;1_1&#8243; layout=&#8221;1_1&#8243; background_position=&#8221;left top&#8221; background_color=&#8221;&#8221; border_color=&#8221;&#8221; border_style=&#8221;solid&#8221; border_position=&#8221;all&#8221; spacing=&#8221;yes&#8221; background_image=&#8221;&#8221; background_repeat=&#8221;no-repeat&#8221; padding_top=&#8221;&#8221; padding_right=&#8221;&#8221; padding_bottom=&#8221;&#8221; padding_left=&#8221;&#8221; margin_top=&#8221;0px&#8221; margin_bottom=&#8221;0px&#8221; class=&#8221;&#8221; id=&#8221;&#8221; animation_type=&#8221;&#8221; animation_speed=&#8221;0.3&#8243; animation_direction=&#8221;left&#8221; hide_on_mobile=&#8221;small-visibility,medium-visibility,large-visibility&#8221; center_content=&#8221;no&#8221; last=&#8221;true&#8221; min_height=&#8221;&#8221; hover_type=&#8221;none&#8221; link=&#8221;&#8221; border_sizes_top=&#8221;&#8221; border_sizes_bottom=&#8221;&#8221; border_sizes_left=&#8221;&#8221; border_sizes_right=&#8221;&#8221; first=&#8221;true&#8221; type=&#8221;1_1&#8243;][fusion_text columns=&#8221;&#8221; column_min_width=&#8221;&#8221; column_spacing=&#8221;&#8221; rule_style=&#8221;default&#8221; rule_size=&#8221;&#8221; rule_color=&#8221;&#8221; content_alignment_medium=&#8221;&#8221; content_alignment_small=&#8221;&#8221; content_alignment=&#8221;&#8221; hide_on_mobile=&#8221;small-visibility,medium-visibility,large-visibility&#8221; sticky_display=&#8221;normal,sticky&#8221; class=&#8221;&#8221; id=&#8221;&#8221; font_size=&#8221;&#8221; fusion_font_family_text_font=&#8221;&#8221; fusion_font_variant_text_font=&#8221;&#8221; line_height=&#8221;&#8221; letter_spacing=&#8221;&#8221; text_color=&#8221;&#8221; animation_type=&#8221;&#8221; animation_direction=&#8221;left&#8221; animation_speed=&#8221;0.3&#8243; animation_offset=&#8221;&#8221;]<\/p>\n<p>O Santu\u00e1rio de F\u00e1tima decidiu adiar as Jornadas Internacionais \u201c<strong>As crian\u00e7as, a morte e o luto<\/strong>\u201d, previstas inicialmente para o pr\u00f3ximo m\u00eas de maio, de 7 a 10, na sequ\u00eancia dos recentes desenvolvimentos e evolu\u00e7\u00f5es na epidemia por Covid-19, seguindo de forma respons\u00e1vel, as recomenda\u00e7\u00f5es das autoridades de sa\u00fade e, assim, protegendo as vidas de todos.<\/p>\n<p>A nova data, de 8 a 11 de outubro, foi escolhida tendo por base a proximidade da peregrina\u00e7\u00e3o de outubro, tal como acontecia em maio, num ano particularmente importante para o Santu\u00e1rio, quando se faz mem\u00f3ria do centen\u00e1rio da morte de Santa Jacinta Marto, a mais jovem santa n\u00e3o m\u00e1rtir da Igreja.<\/p>\n<p>A decis\u00e3o foi tomada no \u00e2mbito do Grupo de Trabalho que est\u00e1 a preparar as Jornadas, que decidiu igualmente manter o programa, na sua ess\u00eancia, inalterado, embora possam verificar-se alguns ajustamentos em face deste adiamento.<\/p>\n<p>A iniciativa, que est\u00e1 a ser desenvolvida por um Grupo de Trabalho nacional composto por especialistas, respeitando as \u00e1reas de reflex\u00e3o propostas- Sa\u00fade, Educa\u00e7\u00e3o e Pastoral \u2013 pretende, no contexto do centen\u00e1rio da morte dos santos pastorinhos Francisco e Jacinta Marto \u2013, propor \u00e0 sociedade portuguesa um processo de reflex\u00e3o sobre a morte das crian\u00e7as, as crian\u00e7as em luto e o luto pelas crian\u00e7as.<\/p>\n<p>Temas como o estatuto sociocultural da morte e do morrer, a incompet\u00eancia social e individual para a perda, os comportamentos de risco, o tratamento medi\u00e1tico da morte das crian\u00e7as bem como a resposta que cada individuo d\u00e1 a esta experi\u00eancia da morte, da perda e do luto, ser\u00e3o temas em debate nas Jornadas Internacionais, que se realizar\u00e3o na Cova da iria no pr\u00f3ximo m\u00eas de outubro.<\/p>\n<p>As inscri\u00e7\u00f5es, cujo prazo de abertura se iniciaria hoje, ficam assim adiadas devendo ser consultada a p\u00e1gina <a href=\"https:\/\/www.criancasmorteluto.fatima.pt\/\"><em>on line<\/em><\/a> , onde ser\u00e1 disponibilizada toda a informa\u00e7\u00e3o relevante sobre estas jornadas.<\/p>\n<p>As Jornadas Internacionais, que decorrer\u00e3o em v\u00e1rios espa\u00e7os f\u00edsicos do Santu\u00e1rio,\u00a0procurar\u00e3o promover um olhar global sobre esta realidade multifacetada, que exige uma aproxima\u00e7\u00e3o multidisciplinar, e envolver\u00e3o momentos formativos, com confer\u00eancias em sess\u00f5es plen\u00e1rias e mesas redondas, em sess\u00f5es paralelas, bem como workshops tem\u00e1ticos sobre as boas pr\u00e1ticas j\u00e1 existentes em Portugal e alguns momentos de car\u00e1cter cultural que projetar\u00e3o a tem\u00e1tica atrav\u00e9s das diferentes express\u00f5es art\u00edsticas, incluindo as artes performativas.<\/p>\n<p>[\/fusion_text][\/fusion_builder_column][\/fusion_builder_row][\/fusion_builder_container][fusion_builder_container hundred_percent=&#8221;yes&#8221; overflow=&#8221;visible&#8221; margin_top=&#8221;5px&#8221; margin_bottom=&#8221;&#8221; type=&#8221;legacy&#8221;][fusion_builder_row][fusion_builder_column type=&#8221;1_1&#8243; layout=&#8221;1_1&#8243; background_position=&#8221;left top&#8221; background_color=&#8221;&#8221; border_color=&#8221;&#8221; border_style=&#8221;solid&#8221; spacing=&#8221;yes&#8221; background_image=&#8221;&#8221; background_repeat=&#8221;no-repeat&#8221; padding_top=&#8221;&#8221; padding_right=&#8221;&#8221; padding_bottom=&#8221;&#8221; padding_left=&#8221;&#8221; margin_top=&#8221;0px&#8221; margin_bottom=&#8221;0px&#8221; class=&#8221;&#8221; id=&#8221;&#8221; animation_type=&#8221;&#8221; animation_speed=&#8221;0.3&#8243; animation_direction=&#8221;left&#8221; hide_on_mobile=&#8221;no&#8221; center_content=&#8221;no&#8221; min_height=&#8221;none&#8221; last=&#8221;true&#8221; hover_type=&#8221;none&#8221; link=&#8221;&#8221; border_position=&#8221;all&#8221; align_self=&#8221;flex-start&#8221; border_sizes_top=&#8221;&#8221; border_sizes_bottom=&#8221;&#8221; border_sizes_left=&#8221;&#8221; border_sizes_right=&#8221;&#8221; first=&#8221;true&#8221; type=&#8221;1_1&#8243;][fusion_text columns=&#8221;&#8221; column_min_width=&#8221;&#8221; column_spacing=&#8221;&#8221; rule_style=&#8221;default&#8221; rule_size=&#8221;&#8221; rule_color=&#8221;&#8221; content_alignment_medium=&#8221;&#8221; content_alignment_small=&#8221;&#8221; content_alignment=&#8221;&#8221; hide_on_mobile=&#8221;small-visibility,medium-visibility,large-visibility&#8221; sticky_display=&#8221;normal,sticky&#8221; class=&#8221;&#8221; id=&#8221;&#8221; font_size=&#8221;&#8221; fusion_font_family_text_font=&#8221;&#8221; fusion_font_variant_text_font=&#8221;&#8221; line_height=&#8221;&#8221; letter_spacing=&#8221;&#8221; text_color=&#8221;&#8221; animation_type=&#8221;&#8221; animation_direction=&#8221;left&#8221; animation_speed=&#8221;0.3&#8243; animation_offset=&#8221;&#8221;]<\/p>\n<blockquote><p>As inscri\u00e7\u00f5es, cujo prazo de abertura se iniciaria hoje, ficam assim adiadas devendo ser consultada a p\u00e1gina <a href=\"https:\/\/www.criancasmorteluto.fatima.pt\/\"><em>on line<\/em><\/a> , onde ser\u00e1 disponibilizada toda a informa\u00e7\u00e3o relevante sobre estas jornadas.<\/p><\/blockquote>\n<p>[\/fusion_text][\/fusion_builder_column][\/fusion_builder_row][\/fusion_builder_container]<\/p>\n","protected":false},"excerpt":{"rendered":"<p>[fusion_builder_container hundred_percent=&#8221;no&#8221; equal_height_columns=&#8221;no&#8221; menu_anchor=&#8221;&#8221; hide_on_mobile=&#8221;small-visibility,medium-visibility,large-visibility&#8221; class=&#8221;&#8221; id=&#8221;&#8221; background_color=&#8221;&#8221; background_image=&#8221;&#8221; background_position=&#8221;center center&#8221; background_repeat=&#8221;no-repeat&#8221; fade=&#8221;no&#8221; background_parallax=&#8221;none&#8221; parallax_speed=&#8221;0.3&#8243; video_mp4=&#8221;&#8221; video_webm=&#8221;&#8221; video_ogv=&#8221;&#8221; video_url=&#8221;&#8221; video_aspect_ratio=&#8221;16:9&#8243; video_loop=&#8221;yes&#8221; video_mute=&#8221;yes&#8221; overlay_color=&#8221;&#8221; video_preview_image=&#8221;&#8221; border_color=&#8221;&#8221; border_style=&#8221;solid&#8221; padding_top=&#8221;&#8221; padding_bottom=&#8221;&#8221; padding_left=&#8221;&#8221; padding_right=&#8221;&#8221; type=&#8221;legacy&#8221;][fusion_builder_row][fusion_builder_column type=&#8221;1_1&#8243; layout=&#8221;1_1&#8243; background_position=&#8221;left top&#8221; background_color=&#8221;&#8221; border_color=&#8221;&#8221; border_style=&#8221;solid&#8221; border_position=&#8221;all&#8221; spacing=&#8221;yes&#8221; background_image=&#8221;&#8221; background_repeat=&#8221;no-repeat&#8221; padding_top=&#8221;&#8221; padding_right=&#8221;&#8221; padding_bottom=&#8221;&#8221; padding_left=&#8221;&#8221; margin_top=&#8221;0px&#8221; margin_bottom=&#8221;0px&#8221; class=&#8221;&#8221; id=&#8221;&#8221; animation_type=&#8221;&#8221; animation_speed=&#8221;0.3&#8243; animation_direction=&#8221;left&#8221; hide_on_mobile=&#8221;small-visibility,medium-visibility,large-visibility&#8221; center_content=&#8221;no&#8221; [&hellip;]<\/p>\n","protected":false},"author":1,"featured_media":3359,"comment_status":"open","ping_status":"open","sticky":false,"template":"","format":"standard","meta":{"_uag_custom_page_level_css":"","footnotes":""},"categories":[1],"tags":[],"class_list":{"0":"post-180","1":"post","2":"type-post","3":"status-publish","4":"format-standard","5":"has-post-thumbnail","7":"category-movimentos","8":"czr-hentry"},"uagb_featured_image_src":{"full":["https:\/\/nauvitoria.dynu.net\/sdpfp\/wp-content\/uploads\/2016\/01\/AF_BANNER-JORNADAS-OUTUBRO-CRIANCAS_Morte-e-Luto-scaled.jpg",2560,1067,false],"thumbnail":["https:\/\/nauvitoria.dynu.net\/sdpfp\/wp-content\/uploads\/2016\/01\/AF_BANNER-JORNADAS-OUTUBRO-CRIANCAS_Morte-e-Luto-150x150.jpg",150,150,true],"medium":["https:\/\/nauvitoria.dynu.net\/sdpfp\/wp-content\/uploads\/2016\/01\/AF_BANNER-JORNADAS-OUTUBRO-CRIANCAS_Morte-e-Luto-300x125.jpg",300,125,true],"medium_large":["https:\/\/nauvitoria.dynu.net\/sdpfp\/wp-content\/uploads\/2016\/01\/AF_BANNER-JORNADAS-OUTUBRO-CRIANCAS_Morte-e-Luto-768x320.jpg",768,320,true],"large":["https:\/\/nauvitoria.dynu.net\/sdpfp\/wp-content\/uploads\/2016\/01\/AF_BANNER-JORNADAS-OUTUBRO-CRIANCAS_Morte-e-Luto-1024x427.jpg",1024,427,true],"1536x1536":["https:\/\/nauvitoria.dynu.net\/sdpfp\/wp-content\/uploads\/2016\/01\/AF_BANNER-JORNADAS-OUTUBRO-CRIANCAS_Morte-e-Luto-1536x640.jpg",1536,640,true],"2048x2048":["https:\/\/nauvitoria.dynu.net\/sdpfp\/wp-content\/uploads\/2016\/01\/AF_BANNER-JORNADAS-OUTUBRO-CRIANCAS_Morte-e-Luto-2048x854.jpg",2048,854,true],"tc-grid-full":["https:\/\/nauvitoria.dynu.net\/sdpfp\/wp-content\/uploads\/2016\/01\/AF_BANNER-JORNADAS-OUTUBRO-CRIANCAS_Morte-e-Luto-scaled.jpg",840,350,false],"tc-grid":["https:\/\/nauvitoria.dynu.net\/sdpfp\/wp-content\/uploads\/2016\/01\/AF_BANNER-JORNADAS-OUTUBRO-CRIANCAS_Morte-e-Luto-scaled.jpg",570,238,false],"tc-thumb":["https:\/\/nauvitoria.dynu.net\/sdpfp\/wp-content\/uploads\/2016\/01\/AF_BANNER-JORNADAS-OUTUBRO-CRIANCAS_Morte-e-Luto-scaled.jpg",270,113,false],"slider-full":["https:\/\/nauvitoria.dynu.net\/sdpfp\/wp-content\/uploads\/2016\/01\/AF_BANNER-JORNADAS-OUTUBRO-CRIANCAS_Morte-e-Luto-scaled.jpg",1200,500,false],"slider":["https:\/\/nauvitoria.dynu.net\/sdpfp\/wp-content\/uploads\/2016\/01\/AF_BANNER-JORNADAS-OUTUBRO-CRIANCAS_Morte-e-Luto-scaled.jpg",1170,488,false]},"uagb_author_info":{"display_name":"admin","author_link":"https:\/\/nauvitoria.dynu.net\/sdpfp\/author\/admin\/"},"uagb_comment_info":0,"uagb_excerpt":"[fusion_builder_container hundred_percent=&#8221;no&#8221; equal_height_columns=&#8221;no&#8221; menu_anchor=&#8221;&#8221; hide_on_mobile=&#8221;small-visibility,medium-visibility,large-visibility&#8221; class=&#8221;&#8221; id=&#8221;&#8221; background_color=&#8221;&#8221; background_image=&#8221;&#8221; background_position=&#8221;center center&#8221; background_repeat=&#8221;no-repeat&#8221; fade=&#8221;no&#8221; background_parallax=&#8221;none&#8221; parallax_speed=&#8221;0.3&#8243; video_mp4=&#8221;&#8221; video_webm=&#8221;&#8221; video_ogv=&#8221;&#8221; video_url=&#8221;&#8221; video_aspect_ratio=&#8221;16:9&#8243; video_loop=&#8221;yes&#8221; video_mute=&#8221;yes&#8221; overlay_color=&#8221;&#8221; video_preview_image=&#8221;&#8221; border_color=&#8221;&#8221; border_style=&#8221;solid&#8221; padding_top=&#8221;&#8221; padding_bottom=&#8221;&#8221; padding_left=&#8221;&#8221; padding_right=&#8221;&#8221; type=&#8221;legacy&#8221;][fusion_builder_row][fusion_builder_column type=&#8221;1_1&#8243; layout=&#8221;1_1&#8243; background_position=&#8221;left top&#8221; background_color=&#8221;&#8221; border_color=&#8221;&#8221; border_style=&#8221;solid&#8221; border_position=&#8221;all&#8221; spacing=&#8221;yes&#8221; background_image=&#8221;&#8221; background_repeat=&#8221;no-repeat&#8221; padding_top=&#8221;&#8221; padding_right=&#8221;&#8221; padding_bottom=&#8221;&#8221; padding_left=&#8221;&#8221; margin_top=&#8221;0px&#8221; margin_bottom=&#8221;0px&#8221; class=&#8221;&#8221; id=&#8221;&#8221; animation_type=&#8221;&#8221; animation_speed=&#8221;0.3&#8243; animation_direction=&#8221;left&#8221; hide_on_mobile=&#8221;small-visibility,medium-visibility,large-visibility&#8221; center_content=&#8221;no&#8221;&hellip;","_links":{"self":[{"href":"https:\/\/nauvitoria.dynu.net\/sdpfp\/wp-json\/wp\/v2\/posts\/180"}],"collection":[{"href":"https:\/\/nauvitoria.dynu.net\/sdpfp\/wp-json\/wp\/v2\/posts"}],"about":[{"href":"https:\/\/nauvitoria.dynu.net\/sdpfp\/wp-json\/wp\/v2\/types\/post"}],"author":[{"embeddable":true,"href":"https:\/\/nauvitoria.dynu.net\/sdpfp\/wp-json\/wp\/v2\/users\/1"}],"replies":[{"embeddable":true,"href":"https:\/\/nauvitoria.dynu.net\/sdpfp\/wp-json\/wp\/v2\/comments?post=180"}],"version-history":[{"count":3,"href":"https:\/\/nauvitoria.dynu.net\/sdpfp\/wp-json\/wp\/v2\/posts\/180\/revisions"}],"predecessor-version":[{"id":3360,"href":"https:\/\/nauvitoria.dynu.net\/sdpfp\/wp-json\/wp\/v2\/posts\/180\/revisions\/3360"}],"wp:featuredmedia":[{"embeddable":true,"href":"https:\/\/nauvitoria.dynu.net\/sdpfp\/wp-json\/wp\/v2\/media\/3359"}],"wp:attachment":[{"href":"https:\/\/nauvitoria.dynu.net\/sdpfp\/wp-json\/wp\/v2\/media?parent=180"}],"wp:term":[{"taxonomy":"category","embeddable":true,"href":"https:\/\/nauvitoria.dynu.net\/sdpfp\/wp-json\/wp\/v2\/categories?post=180"},{"taxonomy":"post_tag","embeddable":true,"href":"https:\/\/nauvitoria.dynu.net\/sdpfp\/wp-json\/wp\/v2\/tags?post=180"}],"curies":[{"name":"wp","href":"https:\/\/api.w.org\/{rel}","templated":true}]}}