{"id":3510,"date":"2020-08-01T00:00:38","date_gmt":"2020-08-01T00:00:38","guid":{"rendered":"https:\/\/nauvitoria.dynu.net\/sdpfp\/?p=3510"},"modified":"2020-09-26T09:21:47","modified_gmt":"2020-09-26T09:21:47","slug":"ciclo-todos-familia-todos-irmaos","status":"publish","type":"post","link":"https:\/\/nauvitoria.dynu.net\/sdpfp\/ciclo-todos-familia-todos-irmaos\/","title":{"rendered":"Ciclo Todos fam\u00edlia, Todos irm\u00e3os"},"content":{"rendered":"<p>[fusion_builder_container hundred_percent=&#8221;no&#8221; equal_height_columns=&#8221;no&#8221; menu_anchor=&#8221;&#8221; hide_on_mobile=&#8221;small-visibility,medium-visibility,large-visibility&#8221; class=&#8221;&#8221; id=&#8221;&#8221; background_color=&#8221;&#8221; background_image=&#8221;&#8221; background_position=&#8221;center center&#8221; background_repeat=&#8221;no-repeat&#8221; fade=&#8221;no&#8221; background_parallax=&#8221;none&#8221; parallax_speed=&#8221;0.3&#8243; video_mp4=&#8221;&#8221; video_webm=&#8221;&#8221; video_ogv=&#8221;&#8221; video_url=&#8221;&#8221; video_aspect_ratio=&#8221;16:9&#8243; video_loop=&#8221;yes&#8221; video_mute=&#8221;yes&#8221; overlay_color=&#8221;&#8221; video_preview_image=&#8221;&#8221; border_color=&#8221;&#8221; border_style=&#8221;solid&#8221; padding_top=&#8221;&#8221; padding_bottom=&#8221;&#8221; padding_left=&#8221;&#8221; padding_right=&#8221;&#8221; type=&#8221;legacy&#8221;][fusion_builder_row][fusion_builder_column type=&#8221;1_1&#8243; layout=&#8221;1_1&#8243; background_position=&#8221;left top&#8221; background_color=&#8221;&#8221; border_color=&#8221;&#8221; border_style=&#8221;solid&#8221; border_position=&#8221;all&#8221; spacing=&#8221;yes&#8221; background_image=&#8221;&#8221; background_repeat=&#8221;no-repeat&#8221; padding_top=&#8221;&#8221; padding_right=&#8221;&#8221; padding_bottom=&#8221;&#8221; padding_left=&#8221;&#8221; margin_top=&#8221;0px&#8221; margin_bottom=&#8221;0px&#8221; class=&#8221;&#8221; id=&#8221;&#8221; animation_type=&#8221;&#8221; animation_speed=&#8221;0.3&#8243; animation_direction=&#8221;left&#8221; hide_on_mobile=&#8221;small-visibility,medium-visibility,large-visibility&#8221; center_content=&#8221;no&#8221; last=&#8221;true&#8221; min_height=&#8221;&#8221; hover_type=&#8221;none&#8221; link=&#8221;&#8221; border_sizes_top=&#8221;&#8221; border_sizes_bottom=&#8221;&#8221; border_sizes_left=&#8221;&#8221; border_sizes_right=&#8221;&#8221; first=&#8221;true&#8221; type=&#8221;1_1&#8243;][fusion_text columns=&#8221;&#8221; column_min_width=&#8221;&#8221; column_spacing=&#8221;&#8221; rule_style=&#8221;default&#8221; rule_size=&#8221;&#8221; rule_color=&#8221;&#8221; content_alignment_medium=&#8221;&#8221; content_alignment_small=&#8221;&#8221; content_alignment=&#8221;&#8221; hide_on_mobile=&#8221;small-visibility,medium-visibility,large-visibility&#8221; sticky_display=&#8221;normal,sticky&#8221; class=&#8221;&#8221; id=&#8221;&#8221; font_size=&#8221;&#8221; fusion_font_family_text_font=&#8221;&#8221; fusion_font_variant_text_font=&#8221;&#8221; line_height=&#8221;&#8221; letter_spacing=&#8221;&#8221; text_color=&#8221;&#8221; animation_type=&#8221;&#8221; animation_direction=&#8221;left&#8221; animation_speed=&#8221;0.3&#8243; animation_offset=&#8221;&#8221;]<\/p>\n<div class=\"auto-style8\">\n<p>Em meados de junho o CCC deu a conhecer o <strong>programa de cursos e atividades formativas para o ano letivo de 2020\/2021, sob o lema \u201c\u00c0 descoberta da vida batismal\u201d<\/strong>, em sintonia com o ritmo pastoral da diocese do Porto. Mantendo as suas propostas formativas estruturantes no \u00e2mbito teol\u00f3gico-pastoral e da forma\u00e7\u00e3o para os v\u00e1rios minist\u00e9rios, o CCC propunha-se contribuir para o aprofundamento da vida batismal, enquanto inser\u00e7\u00e3o em Cristo, ao ponto de n\u2019Ele os crist\u00e3os serem filhos de Deus e comunidade de irm\u00e3os. Nessa mesma altura se prometia que entretanto seriam programados <strong>ciclos tem\u00e1ticos<\/strong>, designadamente sobre temas de \u00edndole teol\u00f3gico-pastoral e em sintonia com alguns dos objetivos do Plano diocesano de pastoral da diocese do Porto, que ent\u00e3o ainda n\u00e3o tinha sido divulgado.<\/p>\n<p>Depois de o Plano ter sido dado a conhecer em final de junho, chegou o momento do CCC divulgar <a href=\"http:\/\/ccc.diocese-porto.pt\/index_ficheiros\/ciclo_todosfamilia_todosirmaos.htm\"><strong>um ciclo de confer\u00eancias<\/strong><\/a> de ritmo mensal (apenas interrompido em mar\u00e7o e abril), organizado em conjunto com o diaconado permanente diocese, sob o t\u00edtulo que serve de lema diocesano para 2020\/2021: <strong>\u00abTodos fam\u00edlia, todos irm\u00e3os\u00bb<\/strong>. O ciclo cobre a maior parte dos temas apontados no referido Plano, a saber:<\/p>\n<p>6 de outubro 2020 &#8211; <strong>\u00abA vida batismal: filia\u00e7\u00e3o divina e fraternidade humana\u00bb<\/strong> (Maria do Ros\u00e1rio Soveral);<br \/>\n3 de novembro 2020\u00a0&#8211; <strong>\u00abSacerd\u00f3cio batismal e voca\u00e7\u00e3o \u00e0 santidade\u00bb<\/strong> (Alexandre Freire Duarte);<br \/>\n15 de dezembro 2020\u00a0&#8211; <strong>\u00abA voca\u00e7\u00e3o e miss\u00e3o dos leigos\u00bb<\/strong> (Marcos Faria);<br \/>\n5 de janeiro 2021 &#8211; <strong>\u00abA fam\u00edlia como Igreja dom\u00e9stica\u00bb<\/strong> (Emanuel Brand\u00e3o de Sousa);<br \/>\n9 de fevereiro 2021 &#8211; <strong>\u00abA urg\u00eancia de uma pastoral da fragilidade e do cuidado\u00bb<\/strong> (Jos\u00e9 Nuno Silva);<br \/>\n11 de maio 2021 &#8211; <strong>\u00abViventes na casa comum\u00bb<\/strong> (Jorge Teixeira da Cunha);<br \/>\n8 de junho 2021 &#8211; <strong>\u00abOs jovens, sujeitos da a\u00e7\u00e3o pastoral da Igreja\u00bb<\/strong> (Jorge Nunes).<\/p>\n<\/div>\n<p>As sess\u00f5es do ciclo decorrem nos dias referidos, \u00e0s <strong>21 horas<\/strong>, e s\u00e3o <strong>abertas e de participa\u00e7\u00e3o livre<\/strong> por todos os interessados.<\/p>\n<p>Agradece-se a divulga\u00e7\u00e3o para que segue em anexo um <a href=\"http:\/\/ccc.diocese-porto.pt\/index_ficheiros\/arquivo\/2020-2021_ciclo_todosfamilia_cartaz.jpg\">cartaz<\/a>.<\/p>\n<p>Recorda-se entretanto que <strong>se encontram abertas at\u00e9 31 de julho e de 1 a 25 de setembro as inscri\u00e7\u00f5es para o <\/strong><a href=\"http:\/\/ccc.diocese-porto.pt\/index_ficheiros\/cbt.htm\"><strong>Curso B\u00e1sico de Teologia<\/strong><\/a><strong>, <\/strong><a href=\"http:\/\/ccc.diocese-porto.pt\/index_ficheiros\/ccfc.htm\"><strong>o Curso Complementar de Forma\u00e7\u00e3o de Catequistas<\/strong><\/a><strong> e os <\/strong><a href=\"http:\/\/ccc.diocese-porto.pt\/index_ficheiros\/edml.htm\"><strong>Cursos da Escola Diocesana de Minist\u00e9rios Lit\u00fargicos<\/strong><\/a> (Ac\u00f3litos, Leitores, Salmistas e M\u00fasicos para a Liturgia). Do plano curricular do Curso B\u00e1sico de Teologia, fazem parte algumas disciplinas que podem corresponder mais de parte aos objetivo do Plano diocesano de Pastoral, nomeadamente \u00abA Vida Batismal segundos os Padres da Igreja\u00bb, \u00abSacramentologia\u00bb e \u00abMist\u00e9rio de Deus\u00bb.<\/p>\n<p>[Rua D. Manuel II, 286 .\u00a04050-344 PORTO .\u00a0Tel. 226094639 | Fax 225430773 .\u00a0<a href=\"mailto:ccc@diocese-porto.pt\">ccc@diocese-porto.pt<\/a>| <a href=\"http:\/\/ccc.diocese-porto.pt\/\">ccc.diocese-porto.pt<\/a>\u00a0]<\/p>\n<p>[\/fusion_text][\/fusion_builder_column][\/fusion_builder_row][\/fusion_builder_container]<\/p>\n","protected":false},"excerpt":{"rendered":"<p>[fusion_builder_container hundred_percent=&#8221;no&#8221; equal_height_columns=&#8221;no&#8221; menu_anchor=&#8221;&#8221; hide_on_mobile=&#8221;small-visibility,medium-visibility,large-visibility&#8221; class=&#8221;&#8221; id=&#8221;&#8221; background_color=&#8221;&#8221; background_image=&#8221;&#8221; background_position=&#8221;center center&#8221; background_repeat=&#8221;no-repeat&#8221; fade=&#8221;no&#8221; background_parallax=&#8221;none&#8221; parallax_speed=&#8221;0.3&#8243; video_mp4=&#8221;&#8221; video_webm=&#8221;&#8221; video_ogv=&#8221;&#8221; video_url=&#8221;&#8221; video_aspect_ratio=&#8221;16:9&#8243; video_loop=&#8221;yes&#8221; video_mute=&#8221;yes&#8221; overlay_color=&#8221;&#8221; video_preview_image=&#8221;&#8221; border_color=&#8221;&#8221; border_style=&#8221;solid&#8221; padding_top=&#8221;&#8221; padding_bottom=&#8221;&#8221; padding_left=&#8221;&#8221; padding_right=&#8221;&#8221; type=&#8221;legacy&#8221;][fusion_builder_row][fusion_builder_column type=&#8221;1_1&#8243; layout=&#8221;1_1&#8243; background_position=&#8221;left top&#8221; background_color=&#8221;&#8221; border_color=&#8221;&#8221; border_style=&#8221;solid&#8221; border_position=&#8221;all&#8221; spacing=&#8221;yes&#8221; background_image=&#8221;&#8221; background_repeat=&#8221;no-repeat&#8221; padding_top=&#8221;&#8221; padding_right=&#8221;&#8221; padding_bottom=&#8221;&#8221; padding_left=&#8221;&#8221; margin_top=&#8221;0px&#8221; margin_bottom=&#8221;0px&#8221; class=&#8221;&#8221; id=&#8221;&#8221; animation_type=&#8221;&#8221; animation_speed=&#8221;0.3&#8243; animation_direction=&#8221;left&#8221; hide_on_mobile=&#8221;small-visibility,medium-visibility,large-visibility&#8221; center_content=&#8221;no&#8221; [&hellip;]<\/p>\n","protected":false},"author":1,"featured_media":3718,"comment_status":"open","ping_status":"open","sticky":false,"template":"","format":"standard","meta":{"_uag_custom_page_level_css":"","footnotes":""},"categories":[88,90,19],"tags":[],"class_list":{"0":"post-3510","1":"post","2":"type-post","3":"status-publish","4":"format-standard","5":"has-post-thumbnail","7":"category-noticias-diocesanas","8":"category-noticias-movimentos","9":"category-noticias","10":"czr-hentry"},"uagb_featured_image_src":{"full":["https:\/\/nauvitoria.dynu.net\/sdpfp\/wp-content\/uploads\/2020\/08\/todos_familia.jpg",1754,759,false],"thumbnail":["https:\/\/nauvitoria.dynu.net\/sdpfp\/wp-content\/uploads\/2020\/08\/todos_familia-150x150.jpg",150,150,true],"medium":["https:\/\/nauvitoria.dynu.net\/sdpfp\/wp-content\/uploads\/2020\/08\/todos_familia-300x130.jpg",300,130,true],"medium_large":["https:\/\/nauvitoria.dynu.net\/sdpfp\/wp-content\/uploads\/2020\/08\/todos_familia-768x332.jpg",768,332,true],"large":["https:\/\/nauvitoria.dynu.net\/sdpfp\/wp-content\/uploads\/2020\/08\/todos_familia-1024x443.jpg",1024,443,true],"1536x1536":["https:\/\/nauvitoria.dynu.net\/sdpfp\/wp-content\/uploads\/2020\/08\/todos_familia-1536x665.jpg",1536,665,true],"2048x2048":["https:\/\/nauvitoria.dynu.net\/sdpfp\/wp-content\/uploads\/2020\/08\/todos_familia.jpg",1754,759,false],"tc-grid-full":["https:\/\/nauvitoria.dynu.net\/sdpfp\/wp-content\/uploads\/2020\/08\/todos_familia.jpg",809,350,false],"tc-grid":["https:\/\/nauvitoria.dynu.net\/sdpfp\/wp-content\/uploads\/2020\/08\/todos_familia.jpg",570,247,false],"tc-thumb":["https:\/\/nauvitoria.dynu.net\/sdpfp\/wp-content\/uploads\/2020\/08\/todos_familia.jpg",270,117,false],"slider-full":["https:\/\/nauvitoria.dynu.net\/sdpfp\/wp-content\/uploads\/2020\/08\/todos_familia.jpg",1155,500,false],"slider":["https:\/\/nauvitoria.dynu.net\/sdpfp\/wp-content\/uploads\/2020\/08\/todos_familia.jpg",1155,500,false]},"uagb_author_info":{"display_name":"admin","author_link":"https:\/\/nauvitoria.dynu.net\/sdpfp\/author\/admin\/"},"uagb_comment_info":0,"uagb_excerpt":"[fusion_builder_container hundred_percent=&#8221;no&#8221; equal_height_columns=&#8221;no&#8221; menu_anchor=&#8221;&#8221; hide_on_mobile=&#8221;small-visibility,medium-visibility,large-visibility&#8221; class=&#8221;&#8221; id=&#8221;&#8221; background_color=&#8221;&#8221; background_image=&#8221;&#8221; background_position=&#8221;center center&#8221; background_repeat=&#8221;no-repeat&#8221; fade=&#8221;no&#8221; background_parallax=&#8221;none&#8221; parallax_speed=&#8221;0.3&#8243; video_mp4=&#8221;&#8221; video_webm=&#8221;&#8221; video_ogv=&#8221;&#8221; video_url=&#8221;&#8221; video_aspect_ratio=&#8221;16:9&#8243; video_loop=&#8221;yes&#8221; video_mute=&#8221;yes&#8221; overlay_color=&#8221;&#8221; video_preview_image=&#8221;&#8221; border_color=&#8221;&#8221; border_style=&#8221;solid&#8221; padding_top=&#8221;&#8221; padding_bottom=&#8221;&#8221; padding_left=&#8221;&#8221; padding_right=&#8221;&#8221; type=&#8221;legacy&#8221;][fusion_builder_row][fusion_builder_column type=&#8221;1_1&#8243; layout=&#8221;1_1&#8243; background_position=&#8221;left top&#8221; background_color=&#8221;&#8221; border_color=&#8221;&#8221; border_style=&#8221;solid&#8221; border_position=&#8221;all&#8221; spacing=&#8221;yes&#8221; background_image=&#8221;&#8221; background_repeat=&#8221;no-repeat&#8221; padding_top=&#8221;&#8221; padding_right=&#8221;&#8221; padding_bottom=&#8221;&#8221; padding_left=&#8221;&#8221; margin_top=&#8221;0px&#8221; margin_bottom=&#8221;0px&#8221; class=&#8221;&#8221; id=&#8221;&#8221; animation_type=&#8221;&#8221; animation_speed=&#8221;0.3&#8243; animation_direction=&#8221;left&#8221; hide_on_mobile=&#8221;small-visibility,medium-visibility,large-visibility&#8221; center_content=&#8221;no&#8221;&hellip;","_links":{"self":[{"href":"https:\/\/nauvitoria.dynu.net\/sdpfp\/wp-json\/wp\/v2\/posts\/3510"}],"collection":[{"href":"https:\/\/nauvitoria.dynu.net\/sdpfp\/wp-json\/wp\/v2\/posts"}],"about":[{"href":"https:\/\/nauvitoria.dynu.net\/sdpfp\/wp-json\/wp\/v2\/types\/post"}],"author":[{"embeddable":true,"href":"https:\/\/nauvitoria.dynu.net\/sdpfp\/wp-json\/wp\/v2\/users\/1"}],"replies":[{"embeddable":true,"href":"https:\/\/nauvitoria.dynu.net\/sdpfp\/wp-json\/wp\/v2\/comments?post=3510"}],"version-history":[{"count":3,"href":"https:\/\/nauvitoria.dynu.net\/sdpfp\/wp-json\/wp\/v2\/posts\/3510\/revisions"}],"predecessor-version":[{"id":3703,"href":"https:\/\/nauvitoria.dynu.net\/sdpfp\/wp-json\/wp\/v2\/posts\/3510\/revisions\/3703"}],"wp:featuredmedia":[{"embeddable":true,"href":"https:\/\/nauvitoria.dynu.net\/sdpfp\/wp-json\/wp\/v2\/media\/3718"}],"wp:attachment":[{"href":"https:\/\/nauvitoria.dynu.net\/sdpfp\/wp-json\/wp\/v2\/media?parent=3510"}],"wp:term":[{"taxonomy":"category","embeddable":true,"href":"https:\/\/nauvitoria.dynu.net\/sdpfp\/wp-json\/wp\/v2\/categories?post=3510"},{"taxonomy":"post_tag","embeddable":true,"href":"https:\/\/nauvitoria.dynu.net\/sdpfp\/wp-json\/wp\/v2\/tags?post=3510"}],"curies":[{"name":"wp","href":"https:\/\/api.w.org\/{rel}","templated":true}]}}