{"id":3691,"date":"2020-09-26T08:28:00","date_gmt":"2020-09-26T08:28:00","guid":{"rendered":"https:\/\/nauvitoria.dynu.net\/sdpfp\/?p=3691"},"modified":"2020-10-05T09:20:48","modified_gmt":"2020-10-05T09:20:48","slug":"dia-diocesano-da-familia","status":"publish","type":"post","link":"https:\/\/nauvitoria.dynu.net\/sdpfp\/dia-diocesano-da-familia\/","title":{"rendered":"Dia diocesano da fam\u00edlia"},"content":{"rendered":"<p>[fusion_builder_container hundred_percent=&#8221;no&#8221; equal_height_columns=&#8221;no&#8221; menu_anchor=&#8221;&#8221; hide_on_mobile=&#8221;small-visibility,medium-visibility,large-visibility&#8221; class=&#8221;&#8221; id=&#8221;&#8221; background_color=&#8221;&#8221; background_image=&#8221;&#8221; background_position=&#8221;center center&#8221; background_repeat=&#8221;no-repeat&#8221; fade=&#8221;no&#8221; background_parallax=&#8221;none&#8221; parallax_speed=&#8221;0.3&#8243; video_mp4=&#8221;&#8221; video_webm=&#8221;&#8221; video_ogv=&#8221;&#8221; video_url=&#8221;&#8221; video_aspect_ratio=&#8221;16:9&#8243; video_loop=&#8221;yes&#8221; video_mute=&#8221;yes&#8221; overlay_color=&#8221;&#8221; video_preview_image=&#8221;&#8221; border_color=&#8221;&#8221; border_style=&#8221;solid&#8221; padding_top=&#8221;&#8221; padding_bottom=&#8221;&#8221; padding_left=&#8221;&#8221; padding_right=&#8221;&#8221; type=&#8221;legacy&#8221;][fusion_builder_row][fusion_builder_column type=&#8221;1_1&#8243; layout=&#8221;1_1&#8243; background_position=&#8221;left top&#8221; background_color=&#8221;&#8221; border_color=&#8221;&#8221; border_style=&#8221;solid&#8221; border_position=&#8221;all&#8221; spacing=&#8221;yes&#8221; background_image=&#8221;&#8221; background_repeat=&#8221;no-repeat&#8221; padding_top=&#8221;&#8221; padding_right=&#8221;&#8221; padding_bottom=&#8221;&#8221; padding_left=&#8221;&#8221; margin_top=&#8221;0px&#8221; margin_bottom=&#8221;0px&#8221; class=&#8221;&#8221; id=&#8221;&#8221; animation_type=&#8221;&#8221; animation_speed=&#8221;0.3&#8243; animation_direction=&#8221;left&#8221; hide_on_mobile=&#8221;small-visibility,medium-visibility,large-visibility&#8221; center_content=&#8221;no&#8221; last=&#8221;true&#8221; min_height=&#8221;&#8221; hover_type=&#8221;none&#8221; link=&#8221;&#8221; border_sizes_top=&#8221;&#8221; border_sizes_bottom=&#8221;&#8221; border_sizes_left=&#8221;&#8221; border_sizes_right=&#8221;&#8221; first=&#8221;true&#8221; type=&#8221;1_1&#8243;][fusion_text columns=&#8221;&#8221; column_min_width=&#8221;&#8221; column_spacing=&#8221;&#8221; rule_style=&#8221;default&#8221; rule_size=&#8221;&#8221; rule_color=&#8221;&#8221; content_alignment_medium=&#8221;&#8221; content_alignment_small=&#8221;&#8221; content_alignment=&#8221;&#8221; hide_on_mobile=&#8221;small-visibility,medium-visibility,large-visibility&#8221; sticky_display=&#8221;normal,sticky&#8221; class=&#8221;&#8221; id=&#8221;&#8221; font_size=&#8221;&#8221; fusion_font_family_text_font=&#8221;&#8221; fusion_font_variant_text_font=&#8221;&#8221; line_height=&#8221;&#8221; letter_spacing=&#8221;&#8221; text_color=&#8221;&#8221; animation_type=&#8221;&#8221; animation_direction=&#8221;left&#8221; animation_speed=&#8221;0.3&#8243; animation_offset=&#8221;&#8221;]<\/p>\n<p>Apesar dos constrangimentos que temos de cumprir, vamos celebrar o DIA DIOCESANO DA FAM\u00cdLIA, no qual homenageamos os casais que, ao longo deste ano, perfazem 10, 25, 50 e 60 anos de vida matrimonial (e apenas estes!) e que por isso receber\u00e3o uma b\u00ean\u00e7\u00e3o personalizada do Senhor Bispo.<\/p>\n<p>Na impossibilidade duma celebra\u00e7\u00e3o \u00fanica,\u00a0<strong>cada Vigararia organizar\u00e1 a celebra\u00e7\u00e3o da forma que melhor entender<\/strong>. Se convier e o n\u00famero de pessoas o permitir, nada obsta a que algumas vigararias se associem numa celebra\u00e7\u00e3o conjunta.<br \/>\nPara tal,\u00a0<u>recomendamos que<\/u>, de forma presencial ou atrav\u00e9s dum canal online,\u00a0<u>se realize quanto antes uma reuni\u00e3o da equipa vicarial da pastoral familiar.<\/u><\/p>\n<p>O contacto com os jubilados, para convidar para a celebra\u00e7\u00e3o, pode ser feito desde j\u00e1.<\/p>\n<p>Tendo em vista a indispens\u00e1vel prepara\u00e7\u00e3o dos jubilados, sugerimos \u00e0s Comunidades que:<br \/>\n&#8211; Motivem os jubilados a participar na celebra\u00e7\u00e3o, n\u00e3o inscrevendo ningu\u00e9m sem a sua anu\u00eancia e\/ou apenas para receber diploma.<br \/>\n&#8211; Realizem se poss\u00edvel as 3 reuni\u00f5es de reflex\u00e3o e partilha sobre os temas propostos abaixo ou outros, preferencialmente partindo da \u201cAmoris Laetitia\u201d, atrav\u00e9s de canais online ou de forma presencial (respeitando as orienta\u00e7\u00f5es da DGS).<br \/>\n&#8211; Proporcionem aos casais jubilados acesso ao Sacramento da Reconcilia\u00e7\u00e3o.<\/p>\n<p><strong>Inscri\u00e7\u00f5es<br \/>\n<\/strong>Fazem-se atrav\u00e9s do preenchimento da ficha anexa (<strong><a href=\"https:\/\/nauvitoria.dynu.net\/sdpfp\/wp-content\/uploads\/2020\/09\/DDF2020_ficha-inscricao.docx\">descarregar ficha<\/a><\/strong>)\u00a0 e\u00a0devem ser enviadas aos Casais de Liga\u00e7\u00e3o\u00a0do SDPF \u00e0s Vigararias (<a href=\"https:\/\/nauvitoria.dynu.net\/sdpfp\/wp-content\/uploads\/2020\/09\/Casais-de-ligacao.pdf\">ver os contactos<\/a>) por via\u00a0eletr\u00f3nica\u00a0(e-mail),\u00a0impreterivelmente at\u00e9 15 de novembro! PF preencham com letra bem leg\u00edvel para evitar erros nos diplomas e problemas na rece\u00e7\u00e3o aos jubilados.<br \/>\nA participa\u00e7\u00e3o na celebra\u00e7\u00e3o \u00e9 muito importante! Por favor, n\u00e3o haja inscri\u00e7\u00f5es s\u00f3 para receber diploma.<br \/>\nAs inscri\u00e7\u00f5es recebidas fora de prazo s\u00e3o tratadas do mesmo modo que as feitas no pr\u00f3prio dia, ou seja, os casais n\u00e3o ter\u00e3o diploma personalizado.<\/p>\n<p><strong>Materiais<br \/>\n<\/strong>O <strong>cartaz<\/strong> (<a href=\"https:\/\/nauvitoria.dynu.net\/sdpfp\/wp-content\/uploads\/2020\/09\/cartaz_versao-leve.png\">descarregar cartaz<\/a>) deste evento vai ser enviado via CTT no in\u00edcio de outubro para as par\u00f3quias e capelanias e est\u00e1 igualmente dispon\u00edvel para impress\u00e3o neste site.\u00a0(imagem designada<\/p>\n<p>V\u00e3o ser ainda disponibilizados e enviados por mail, em formato edit\u00e1vel, uma proposta de <strong>gui\u00e3o lit\u00fargico<\/strong> e um conjunto de <strong>indica\u00e7\u00f5es pr\u00e1ticas<\/strong> para a organiza\u00e7\u00e3o. O gui\u00e3o lit\u00fargico n\u00e3o ser\u00e1 impresso, para permitir que cada vigararia o adapte e insira os c\u00e2nticos que considerar mais convenientes.<\/p>\n<p>Em tempo \u00fatil ser\u00e1 enviada uma <strong>mensagem<\/strong> do Senhor D. Manuel (gravada e escrita) que poder\u00e1 ser projetada e\/ou lida no in\u00edcio da celebra\u00e7\u00e3o.<\/p>\n<p>Os <strong>diplomas<\/strong> personalizados, relativos \u00e0s inscri\u00e7\u00f5es recebidas dentro do prazo, ser\u00e3o entregues \u00e0s vigararias pelos casais de liga\u00e7\u00e3o do SDPF.<\/p>\n<p><strong>Documentos para a prepara\u00e7\u00e3o dos jubilados<\/strong><\/p>\n<p style=\"padding-left: 40px;\">&#8211; <a href=\"https:\/\/nauvitoria.dynu.net\/sdpfp\/wp-content\/uploads\/2020\/09\/reuniao_1_jubilados_v2020.doc\">Descobrir e reacender o dom<\/a><br \/>\n&#8211; <a href=\"https:\/\/nauvitoria.dynu.net\/sdpfp\/wp-content\/uploads\/2020\/09\/reuniao_2_jubilados_v2020.doc\">Fazer-se dom<\/a><br \/>\n&#8211; <a href=\"https:\/\/nauvitoria.dynu.net\/sdpfp\/wp-content\/uploads\/2020\/09\/reuniao_3_jubilados_v2020.doc\">Celebrar o dom<\/a><br \/>\n&#8211; <a href=\"https:\/\/nauvitoria.dynu.net\/sdpfp\/wp-content\/uploads\/2020\/09\/Preparacao_DDF_Versao2020.ppt\">PowerPoint<\/a><\/p>\n<p>[\/fusion_text][\/fusion_builder_column][\/fusion_builder_row][\/fusion_builder_container]<\/p>\n","protected":false},"excerpt":{"rendered":"<p>[fusion_builder_container hundred_percent=&#8221;no&#8221; equal_height_columns=&#8221;no&#8221; menu_anchor=&#8221;&#8221; hide_on_mobile=&#8221;small-visibility,medium-visibility,large-visibility&#8221; class=&#8221;&#8221; id=&#8221;&#8221; background_color=&#8221;&#8221; background_image=&#8221;&#8221; background_position=&#8221;center center&#8221; background_repeat=&#8221;no-repeat&#8221; fade=&#8221;no&#8221; background_parallax=&#8221;none&#8221; parallax_speed=&#8221;0.3&#8243; video_mp4=&#8221;&#8221; video_webm=&#8221;&#8221; video_ogv=&#8221;&#8221; video_url=&#8221;&#8221; video_aspect_ratio=&#8221;16:9&#8243; video_loop=&#8221;yes&#8221; video_mute=&#8221;yes&#8221; overlay_color=&#8221;&#8221; video_preview_image=&#8221;&#8221; border_color=&#8221;&#8221; border_style=&#8221;solid&#8221; padding_top=&#8221;&#8221; padding_bottom=&#8221;&#8221; padding_left=&#8221;&#8221; padding_right=&#8221;&#8221; type=&#8221;legacy&#8221;][fusion_builder_row][fusion_builder_column type=&#8221;1_1&#8243; layout=&#8221;1_1&#8243; background_position=&#8221;left top&#8221; background_color=&#8221;&#8221; border_color=&#8221;&#8221; border_style=&#8221;solid&#8221; border_position=&#8221;all&#8221; spacing=&#8221;yes&#8221; background_image=&#8221;&#8221; background_repeat=&#8221;no-repeat&#8221; padding_top=&#8221;&#8221; padding_right=&#8221;&#8221; padding_bottom=&#8221;&#8221; padding_left=&#8221;&#8221; margin_top=&#8221;0px&#8221; margin_bottom=&#8221;0px&#8221; class=&#8221;&#8221; id=&#8221;&#8221; animation_type=&#8221;&#8221; animation_speed=&#8221;0.3&#8243; animation_direction=&#8221;left&#8221; hide_on_mobile=&#8221;small-visibility,medium-visibility,large-visibility&#8221; center_content=&#8221;no&#8221; [&hellip;]<\/p>\n","protected":false},"author":1,"featured_media":3725,"comment_status":"open","ping_status":"open","sticky":false,"template":"","format":"standard","meta":{"_uag_custom_page_level_css":"","footnotes":""},"categories":[103,88,19],"tags":[],"class_list":{"0":"post-3691","1":"post","2":"type-post","3":"status-publish","4":"format-standard","5":"has-post-thumbnail","7":"category-dia-diocesano-da-familia","8":"category-noticias-diocesanas","9":"category-noticias","10":"czr-hentry"},"uagb_featured_image_src":{"full":["https:\/\/nauvitoria.dynu.net\/sdpfp\/wp-content\/uploads\/2020\/09\/cartazDiaDiocesanoFamilia2020_RGB_800x1120_banner.jpg",800,463,false],"thumbnail":["https:\/\/nauvitoria.dynu.net\/sdpfp\/wp-content\/uploads\/2020\/09\/cartazDiaDiocesanoFamilia2020_RGB_800x1120_banner-150x150.jpg",150,150,true],"medium":["https:\/\/nauvitoria.dynu.net\/sdpfp\/wp-content\/uploads\/2020\/09\/cartazDiaDiocesanoFamilia2020_RGB_800x1120_banner-300x174.jpg",300,174,true],"medium_large":["https:\/\/nauvitoria.dynu.net\/sdpfp\/wp-content\/uploads\/2020\/09\/cartazDiaDiocesanoFamilia2020_RGB_800x1120_banner-768x444.jpg",768,444,true],"large":["https:\/\/nauvitoria.dynu.net\/sdpfp\/wp-content\/uploads\/2020\/09\/cartazDiaDiocesanoFamilia2020_RGB_800x1120_banner.jpg",800,463,false],"1536x1536":["https:\/\/nauvitoria.dynu.net\/sdpfp\/wp-content\/uploads\/2020\/09\/cartazDiaDiocesanoFamilia2020_RGB_800x1120_banner.jpg",800,463,false],"2048x2048":["https:\/\/nauvitoria.dynu.net\/sdpfp\/wp-content\/uploads\/2020\/09\/cartazDiaDiocesanoFamilia2020_RGB_800x1120_banner.jpg",800,463,false],"tc-grid-full":["https:\/\/nauvitoria.dynu.net\/sdpfp\/wp-content\/uploads\/2020\/09\/cartazDiaDiocesanoFamilia2020_RGB_800x1120_banner.jpg",605,350,false],"tc-grid":["https:\/\/nauvitoria.dynu.net\/sdpfp\/wp-content\/uploads\/2020\/09\/cartazDiaDiocesanoFamilia2020_RGB_800x1120_banner.jpg",570,330,false],"tc-thumb":["https:\/\/nauvitoria.dynu.net\/sdpfp\/wp-content\/uploads\/2020\/09\/cartazDiaDiocesanoFamilia2020_RGB_800x1120_banner.jpg",270,156,false],"slider-full":["https:\/\/nauvitoria.dynu.net\/sdpfp\/wp-content\/uploads\/2020\/09\/cartazDiaDiocesanoFamilia2020_RGB_800x1120_banner.jpg",800,463,false],"slider":["https:\/\/nauvitoria.dynu.net\/sdpfp\/wp-content\/uploads\/2020\/09\/cartazDiaDiocesanoFamilia2020_RGB_800x1120_banner.jpg",800,463,false]},"uagb_author_info":{"display_name":"admin","author_link":"https:\/\/nauvitoria.dynu.net\/sdpfp\/author\/admin\/"},"uagb_comment_info":0,"uagb_excerpt":"[fusion_builder_container hundred_percent=&#8221;no&#8221; equal_height_columns=&#8221;no&#8221; menu_anchor=&#8221;&#8221; hide_on_mobile=&#8221;small-visibility,medium-visibility,large-visibility&#8221; class=&#8221;&#8221; id=&#8221;&#8221; background_color=&#8221;&#8221; background_image=&#8221;&#8221; background_position=&#8221;center center&#8221; background_repeat=&#8221;no-repeat&#8221; fade=&#8221;no&#8221; background_parallax=&#8221;none&#8221; parallax_speed=&#8221;0.3&#8243; video_mp4=&#8221;&#8221; video_webm=&#8221;&#8221; video_ogv=&#8221;&#8221; video_url=&#8221;&#8221; video_aspect_ratio=&#8221;16:9&#8243; video_loop=&#8221;yes&#8221; video_mute=&#8221;yes&#8221; overlay_color=&#8221;&#8221; video_preview_image=&#8221;&#8221; border_color=&#8221;&#8221; border_style=&#8221;solid&#8221; padding_top=&#8221;&#8221; padding_bottom=&#8221;&#8221; padding_left=&#8221;&#8221; padding_right=&#8221;&#8221; type=&#8221;legacy&#8221;][fusion_builder_row][fusion_builder_column type=&#8221;1_1&#8243; layout=&#8221;1_1&#8243; background_position=&#8221;left top&#8221; background_color=&#8221;&#8221; border_color=&#8221;&#8221; border_style=&#8221;solid&#8221; border_position=&#8221;all&#8221; spacing=&#8221;yes&#8221; background_image=&#8221;&#8221; background_repeat=&#8221;no-repeat&#8221; padding_top=&#8221;&#8221; padding_right=&#8221;&#8221; padding_bottom=&#8221;&#8221; padding_left=&#8221;&#8221; margin_top=&#8221;0px&#8221; margin_bottom=&#8221;0px&#8221; class=&#8221;&#8221; id=&#8221;&#8221; animation_type=&#8221;&#8221; animation_speed=&#8221;0.3&#8243; animation_direction=&#8221;left&#8221; hide_on_mobile=&#8221;small-visibility,medium-visibility,large-visibility&#8221; center_content=&#8221;no&#8221;&hellip;","_links":{"self":[{"href":"https:\/\/nauvitoria.dynu.net\/sdpfp\/wp-json\/wp\/v2\/posts\/3691"}],"collection":[{"href":"https:\/\/nauvitoria.dynu.net\/sdpfp\/wp-json\/wp\/v2\/posts"}],"about":[{"href":"https:\/\/nauvitoria.dynu.net\/sdpfp\/wp-json\/wp\/v2\/types\/post"}],"author":[{"embeddable":true,"href":"https:\/\/nauvitoria.dynu.net\/sdpfp\/wp-json\/wp\/v2\/users\/1"}],"replies":[{"embeddable":true,"href":"https:\/\/nauvitoria.dynu.net\/sdpfp\/wp-json\/wp\/v2\/comments?post=3691"}],"version-history":[{"count":1,"href":"https:\/\/nauvitoria.dynu.net\/sdpfp\/wp-json\/wp\/v2\/posts\/3691\/revisions"}],"predecessor-version":[{"id":3698,"href":"https:\/\/nauvitoria.dynu.net\/sdpfp\/wp-json\/wp\/v2\/posts\/3691\/revisions\/3698"}],"wp:featuredmedia":[{"embeddable":true,"href":"https:\/\/nauvitoria.dynu.net\/sdpfp\/wp-json\/wp\/v2\/media\/3725"}],"wp:attachment":[{"href":"https:\/\/nauvitoria.dynu.net\/sdpfp\/wp-json\/wp\/v2\/media?parent=3691"}],"wp:term":[{"taxonomy":"category","embeddable":true,"href":"https:\/\/nauvitoria.dynu.net\/sdpfp\/wp-json\/wp\/v2\/categories?post=3691"},{"taxonomy":"post_tag","embeddable":true,"href":"https:\/\/nauvitoria.dynu.net\/sdpfp\/wp-json\/wp\/v2\/tags?post=3691"}],"curies":[{"name":"wp","href":"https:\/\/api.w.org\/{rel}","templated":true}]}}