{"id":3890,"date":"2019-11-08T18:41:33","date_gmt":"2019-11-08T18:41:33","guid":{"rendered":"https:\/\/nauvitoria.dynu.net\/sdpfp\/?p=3890"},"modified":"2020-11-14T18:41:47","modified_gmt":"2020-11-14T18:41:47","slug":"dia-diocesano-da-familia-2","status":"publish","type":"post","link":"https:\/\/nauvitoria.dynu.net\/sdpfp\/dia-diocesano-da-familia-2\/","title":{"rendered":"Dia Diocesano da Fam\u00edlia"},"content":{"rendered":"<h1 class=\"auto-style1\" style=\"text-align: center;\"><strong><span class=\"auto-style3\" style=\"color: #ff6600;\">DIA DIOCESANO DA FAM\u00cdLIA<\/span><br class=\"auto-style3\" \/><br class=\"auto-style2\" \/><span class=\"auto-style2\">16 de Junho de 2019<\/span><br class=\"auto-style2\" \/><\/strong><\/h1>\n<div dir=\"ltr\">\n<div class=\"gmail_quote\">\n<div class=\"gmail_attr\" dir=\"ltr\">\n<div dir=\"ltr\">\n<div dir=\"ltr\">\n<div dir=\"ltr\">\n<div class=\"m_5508492929529864036gmail-m_-2817824890412241773m_4067595715102734346m_708351762931354733m_-1387614571614741931m_-25892013206861196gmail_signature\">\n<div dir=\"ltr\">\n<div dir=\"ltr\">\n<div dir=\"ltr\">\n<div dir=\"ltr\">\n<div dir=\"ltr\">\n<h1 class=\"auto-style4\" style=\"text-align: center;\">Bispo do Porto apelou \u00e0 comunica\u00e7\u00e3o e \u00e0 ora\u00e7\u00e3o nas fam\u00edlias<\/h1>\n<h1 class=\"auto-style1\"><\/h1>\n<p><img loading=\"lazy\" decoding=\"async\" class=\"auto-style5 aligncenter\" src=\"http:\/\/www.vozportucalense.pt\/wp-content\/uploads\/2019\/06\/ddf9-678x509.jpg\" width=\"572\" height=\"393\" name=\"imagens7\" align=\"BOTTOM\" border=\"0\" \/><\/p>\n<\/div>\n<p>&nbsp;<\/p>\n<p class=\"auto-style13\" style=\"padding-left: 40px;\"><em>Em Ovar estiveram mais de 1200 casais no Dia Diocesano da Fam\u00edlia. D. Manuel Linda sublinhou a necessidade de viver a gra\u00e7a pascal nas fam\u00edlias, superando a dor e vivendo na alegria da Ressurrei\u00e7\u00e3o. Frisou a necessidade dos pais respeitarem as voca\u00e7\u00f5es dos filhos, suscitando, se poss\u00edvel, voca\u00e7\u00f5es consagradas para o servi\u00e7o da Igreja<\/em><\/p>\n<p class=\"auto-style9\" style=\"padding-left: 40px;\">Em Ovar celebrou-se uma grande festa do matrim\u00f3nio. Mais de 1200 casais e tantos acompanhantes, entre familiares e amigos, numa multid\u00e3o de mais de 2500 pessoas. Foi de alegria o ambiente que se viveu no Arena Dolce Vita, no domingo dia 16 de junho, na 18\u00aa edi\u00e7\u00e3o do Dia Diocesano da Fam\u00edlia, que juntou casais que em 2019 celebram 10, 25, 50 e 60 anos de matrim\u00f3nio e renovaram o seu compromisso de amor.<\/p>\n<p class=\"auto-style9\" style=\"padding-left: 40px;\">Na diferen\u00e7a dos percursos de vida, das idades, da mobilidade f\u00edsica e da proveni\u00eancia, os casais jubilados presentes viveram este dia com uma alegria intensa e serena. Foi uma presen\u00e7a clara e testemunhal para afirmar que o matrim\u00f3nio \u00e9 um projeto de felicidade.<\/p>\n<p class=\"auto-style9\" style=\"padding-left: 40px;\">Para clarificar e esclarecer esta perce\u00e7\u00e3o, a reportagem da VP foi \u00e0 procura da palavra dos jubilados. O Frederico e a C\u00e1tia, s\u00e3o da par\u00f3quia de Ul, Oliveira de Azem\u00e9is, completam 10 anos de matrim\u00f3nio e afirmam que na vida de casados \u00e9 fundamental viver a \u201ccompreens\u00e3o a amizade e o carinho\u201d. T\u00eam um filho, o Martim, que \u00e9, para este casal, um \u201cfator de uni\u00e3o\u201d. Foi na Eucaristia na par\u00f3quia que receberam o convite para estarem presentes neste evento.<\/p>\n<p class=\"auto-style9\" style=\"padding-left: 40px;\">A Isabel e o Jos\u00e9, por sua vez, celebram as suas bodas de prata matrimoniais. T\u00eam, desde sempre, uma participa\u00e7\u00e3o ativa na par\u00f3quia do Sant\u00edssimo Sacramento no Porto. Afirmaram \u00e0 VP que um dos segredos do matrim\u00f3nio \u00e9 \u201cviver quotidianamente o compromisso da fidelidade\u201d amando no respeito pelo outro. Os tr\u00eas filhos, Mariana, Beatriz e Gon\u00e7alo, s\u00e3o motivo de grande alegria para este casal, que sublinham os sacrif\u00edcios investidos na sua educa\u00e7\u00e3o, mas vividos em \u201cdoa\u00e7\u00e3o\u201d. Salientaram que motivaram os filhos a participar na vida da comunidade \u201cdesde a alcofa\u201d, integrando-os na viv\u00eancia que este casal j\u00e1 tinha em grupos como os ac\u00f3litos e os escuteiros.<\/p>\n<p class=\"auto-style9\" style=\"padding-left: 40px;\">Com uma fam\u00edlia numerosa, de cinco filhos, o casal Ant\u00f3nio Francisco e Maria Augusta, salientaram \u00e0 reportagem da VP a sua satisfa\u00e7\u00e3o pelas bodas de ouro matrimoniais, em 50 anos vividos \u201cem amor e compreens\u00e3o\u201d. \u201cA Maria Augusta \u00e9 a melhor mulher do mundo\u201d \u2013 declarou Ant\u00f3nio Francisco, tendo sido sublinhado por este casal a import\u00e2ncia da \u201cf\u00e9\u201d como elemento essencial para a vida a dois e em fam\u00edlia. Este casal do Marco de Canavezes vive agora com grande alegria o dom da vida que continua nos seus dez netos.<\/p>\n<p class=\"auto-style11\" style=\"padding-left: 40px;\"><span style=\"color: #000000;\">\u201c<\/span><span class=\"auto-style6\">Tenham muita paci\u00eancia e muito juizinho\u201d \u2013 \u00e9 o conselho que J\u00falio e Rosa deixam aos casais mais novos, falando \u00e0 VP do alto dos seus 68 anos de matrim\u00f3nio. Ele tem 93 anos e ela 96. Muito trabalho e sacrif\u00edcios foram as receitas aplicadas por este casal que teve cinco filhos e conta j\u00e1 com nove netos e sete bisnetos. Salientaram as dificuldades mas tamb\u00e9m as alegrias da vida em casal, afirmando uma frase testemunhal: \u201cSempre a lutar pela mesma causa\u201d.<\/span><\/p>\n<p class=\"auto-style9\" style=\"padding-left: 40px;\">A presidir \u00e0 Eucaristia deste Dia Diocesano da Fam\u00edlia de 2019 esteve D. Manuel Linda, bispo do Porto. Concelebraram os bispos auxiliares D. Pio Alves, D. Armando Domingues e D. Ant\u00f3nio Augusto Azevedo. Em particular, D. Ant\u00f3nio Augusto, nomeado bispo de Vila Real, esteve pela \u00faltima vez numa celebra\u00e7\u00e3o na diocese do Porto, pois ter\u00e1 entrada solene na diocese transmontana no pr\u00f3ximo domingo dia 30 de junho. A ele D. Manuel Linda, dirigiu palavras de apre\u00e7o por tudo o que fez no Porto e desejou-lhe felicidades para o novo servi\u00e7o a que o Papa Francisco o chamou. Toda a assembleia aplaudiu com carinho D. Ant\u00f3nio Augusto Azevedo. Estiveram presentes nesta celebra\u00e7\u00e3o eucar\u00edstica muitos sacerdotes e di\u00e1conos com destaque para a colabora\u00e7\u00e3o na organiza\u00e7\u00e3o do padre Vitor Nelson, vig\u00e1rio de Espinho-Ovar. A Eucaristia foi animada por coros de Ovar das par\u00f3quias de S. Vicente de Pereira, Ovar, S. Jo\u00e3o de Ovar e V\u00e1lega. No \u00f3rg\u00e3o esteve Samuel Pinho e o coro foi dirigido por Manuel de Jesus.<\/p>\n<p class=\"auto-style9\" style=\"padding-left: 40px;\">Na sua homilia o bispo do Porto sublinhou o lema do Secretariado Diocesano da Pastoral da Fam\u00edlia para este ano: Mission\u00e1rios do Evangelho da fam\u00edlia. Pediu aos casais para serem mission\u00e1rios nas suas fam\u00edlias pregando com o \u201cexemplo das suas vidas\u201d.<\/p>\n<p class=\"auto-style9\" style=\"padding-left: 40px;\">O bispo do Porto salientou \u201cquatro vias convergentes\u201d para viver em fam\u00edlia. Desde logo, a necessidade da comunica\u00e7\u00e3o entre os casais e na fam\u00edlia. \u201cPromover a comunica\u00e7\u00e3o no interior da fam\u00edlia\u201d \u2013 disse D. Manuel Linda acentuando que quando \u201cn\u00e3o h\u00e1 comunica\u00e7\u00e3o interna na fam\u00edlia, ela vai acontecer no exterior\u201d. Como segunda via, o bispo do Porto assinalou que \u201ctoda a fam\u00edlia \u00e9 express\u00e3o do amor com que Cristo ama a Igreja\u201d e apelou aos casais para viverem \u201ca gra\u00e7a pascal\u201d na vida em fam\u00edlia. \u201cFazer o que faz Jesus\u201d superando a dor de sexta-feira santa e vivendo na alegria da Ressurrei\u00e7\u00e3o. Em terceiro lugar, D. Manuel Linda sublinhou a necessidade da exist\u00eancia de momentos de ora\u00e7\u00e3o em fam\u00edlia. Recordando que \u201ca Igreja nasceu nas fam\u00edlias\u201d, o bispo do Porto apelou \u00e0 presen\u00e7a de Jesus na vida de cada fam\u00edlia em pequenos momentos de ora\u00e7\u00e3o. Finalmente, D. Manuel frisou a necessidade dos pais respeitarem as voca\u00e7\u00f5es dos filhos, n\u00e3o impondo caminhos obrigat\u00f3rios e, se poss\u00edvel, suscitando voca\u00e7\u00f5es consagradas para o servi\u00e7o da Igreja.<\/p>\n<p class=\"auto-style9\" style=\"padding-left: 40px;\">No final da eucaristia, o assistente diocesano do Secretariado da Pastoral Familiar, padre Emanuel Brand\u00e3o, agradeceu o especial apoio concedido a este evento pela C\u00e2mara Municipal de Ovar. Citada tamb\u00e9m a colabora\u00e7\u00e3o da Associa\u00e7\u00e3o Desportiva Ovarense, da Pol\u00edcia de Seguran\u00e7a Publica e da Cruz Vermelha. Particular agradecimento ao clero da Vigararia de Espinho-Ovar e suas comunidades, \u00e0 equipa vicarial de pastoral familiar, ao grupo de jovens de Pedroso e aos agentes de pastoral familiar da diocese. Informou ainda que o Dia Diocesano da Fam\u00edlia de 2020 vai ter lugar na Vigararia de Pa\u00e7os de Ferreira.<\/p>\n<p class=\"auto-style9\" style=\"padding-left: 40px;\">De destacar, por fim, o grande esfor\u00e7o desenvolvido pelo Secretariado Diocesano da Pastoral da Fam\u00edlia na realiza\u00e7\u00e3o deste grande evento atrav\u00e9s de uma equipa motivada e muito participante. O diretor deste Secretariado, \u00c2ngelo Soares, em declara\u00e7\u00f5es \u00e0 Ag\u00eancia Ecclesia e \u00e0 VP, frisou que o importante n\u00e3o \u00e9 o que acontece no Dia Diocesano da Fam\u00edlia mas a prepara\u00e7\u00e3o e programa\u00e7\u00e3o que \u00e9 desenvolvida durante todo o ano pastoral. Lembrou a import\u00e2ncia dos agentes locais de pastoral familiar e assinalou que o convite personalizado que \u00e9 feito aos casais jubilados tem um efeito mobilizador na grande participa\u00e7\u00e3o que se verifica no Dia Diocesano da Fam\u00edlia.<\/p>\n<p class=\"auto-style9\" style=\"padding-left: 40px;\"><span style=\"color: #000000; font-family: arial, helvetica, sans-serif;\"><span class=\"style4\">Texto e fotos publicados na VOZ PORTUCALENSE<\/span><\/span><\/p>\n<\/div>\n<\/div>\n<\/div>\n<\/div>\n<\/div>\n<\/div>\n<\/div>\n<\/div>\n<\/div>\n<\/div>\n<\/div>\n","protected":false},"excerpt":{"rendered":"<p>O bispo do Porto salientou \u201cquatro vias convergentes\u201d para viver em fam\u00edlia. Desde logo, a necessidade da comunica\u00e7\u00e3o entre os casais e na fam\u00edlia. \u201cPromover a comunica\u00e7\u00e3o no interior da fam\u00edlia\u201d \u2013 disse D. Manuel Linda acentuando que quando \u201cn\u00e3o h\u00e1 comunica\u00e7\u00e3o interna na fam\u00edlia, ela vai acontecer no exterior\u201d. Como segunda via, o bispo do Porto assinalou que \u201ctoda a fam\u00edlia \u00e9 express\u00e3o do amor com que Cristo ama a Igreja\u201d e apelou aos casais para viverem \u201ca gra\u00e7a pascal\u201d na vida em fam\u00edlia. \u201cFazer o que faz Jesus\u201d superando a dor de sexta-feira santa e vivendo na alegria da Ressurrei\u00e7\u00e3o. Em terceiro lugar, D. Manuel Linda sublinhou a necessidade da exist\u00eancia de momentos de ora\u00e7\u00e3o em fam\u00edlia. Recordando que \u201ca Igreja nasceu nas fam\u00edlias\u201d, o bispo do Porto apelou \u00e0 presen\u00e7a de Jesus na vida de cada fam\u00edlia em pequenos momentos de ora\u00e7\u00e3o. Finalmente, D. Manuel frisou a necessidade dos pais respeitarem as voca\u00e7\u00f5es dos filhos, n\u00e3o impondo caminhos obrigat\u00f3rios e, se poss\u00edvel, suscitando voca\u00e7\u00f5es consagradas para o servi\u00e7o da Igreja.<\/p>\n","protected":false},"author":3,"featured_media":3892,"comment_status":"closed","ping_status":"open","sticky":false,"template":"","format":"standard","meta":{"_uag_custom_page_level_css":"","footnotes":""},"categories":[103],"tags":[],"class_list":{"0":"post-3890","1":"post","2":"type-post","3":"status-publish","4":"format-standard","5":"has-post-thumbnail","7":"category-dia-diocesano-da-familia","8":"czr-hentry"},"uagb_featured_image_src":{"full":["https:\/\/nauvitoria.dynu.net\/sdpfp\/wp-content\/uploads\/2020\/11\/cartaz_DDF-2019.png",315,239,false],"thumbnail":["https:\/\/nauvitoria.dynu.net\/sdpfp\/wp-content\/uploads\/2020\/11\/cartaz_DDF-2019-150x150.png",150,150,true],"medium":["https:\/\/nauvitoria.dynu.net\/sdpfp\/wp-content\/uploads\/2020\/11\/cartaz_DDF-2019-300x228.png",300,228,true],"medium_large":["https:\/\/nauvitoria.dynu.net\/sdpfp\/wp-content\/uploads\/2020\/11\/cartaz_DDF-2019.png",315,239,false],"large":["https:\/\/nauvitoria.dynu.net\/sdpfp\/wp-content\/uploads\/2020\/11\/cartaz_DDF-2019.png",315,239,false],"1536x1536":["https:\/\/nauvitoria.dynu.net\/sdpfp\/wp-content\/uploads\/2020\/11\/cartaz_DDF-2019.png",315,239,false],"2048x2048":["https:\/\/nauvitoria.dynu.net\/sdpfp\/wp-content\/uploads\/2020\/11\/cartaz_DDF-2019.png",315,239,false],"tc-grid-full":["https:\/\/nauvitoria.dynu.net\/sdpfp\/wp-content\/uploads\/2020\/11\/cartaz_DDF-2019.png",315,239,false],"tc-grid":["https:\/\/nauvitoria.dynu.net\/sdpfp\/wp-content\/uploads\/2020\/11\/cartaz_DDF-2019.png",315,239,false],"tc-thumb":["https:\/\/nauvitoria.dynu.net\/sdpfp\/wp-content\/uploads\/2020\/11\/cartaz_DDF-2019.png",270,205,false],"slider-full":["https:\/\/nauvitoria.dynu.net\/sdpfp\/wp-content\/uploads\/2020\/11\/cartaz_DDF-2019.png",315,239,false],"slider":["https:\/\/nauvitoria.dynu.net\/sdpfp\/wp-content\/uploads\/2020\/11\/cartaz_DDF-2019.png",315,239,false]},"uagb_author_info":{"display_name":"SDPF","author_link":"https:\/\/nauvitoria.dynu.net\/sdpfp\/author\/sdpf\/"},"uagb_comment_info":0,"uagb_excerpt":"O bispo do Porto salientou \u201cquatro vias convergentes\u201d para viver em fam\u00edlia. Desde logo, a necessidade da comunica\u00e7\u00e3o entre os casais e na fam\u00edlia. \u201cPromover a comunica\u00e7\u00e3o no interior da fam\u00edlia\u201d \u2013 disse D. Manuel Linda acentuando que quando \u201cn\u00e3o h\u00e1 comunica\u00e7\u00e3o interna na fam\u00edlia, ela vai acontecer no exterior\u201d. Como segunda via, o bispo&hellip;","_links":{"self":[{"href":"https:\/\/nauvitoria.dynu.net\/sdpfp\/wp-json\/wp\/v2\/posts\/3890"}],"collection":[{"href":"https:\/\/nauvitoria.dynu.net\/sdpfp\/wp-json\/wp\/v2\/posts"}],"about":[{"href":"https:\/\/nauvitoria.dynu.net\/sdpfp\/wp-json\/wp\/v2\/types\/post"}],"author":[{"embeddable":true,"href":"https:\/\/nauvitoria.dynu.net\/sdpfp\/wp-json\/wp\/v2\/users\/3"}],"replies":[{"embeddable":true,"href":"https:\/\/nauvitoria.dynu.net\/sdpfp\/wp-json\/wp\/v2\/comments?post=3890"}],"version-history":[{"count":7,"href":"https:\/\/nauvitoria.dynu.net\/sdpfp\/wp-json\/wp\/v2\/posts\/3890\/revisions"}],"predecessor-version":[{"id":3953,"href":"https:\/\/nauvitoria.dynu.net\/sdpfp\/wp-json\/wp\/v2\/posts\/3890\/revisions\/3953"}],"wp:featuredmedia":[{"embeddable":true,"href":"https:\/\/nauvitoria.dynu.net\/sdpfp\/wp-json\/wp\/v2\/media\/3892"}],"wp:attachment":[{"href":"https:\/\/nauvitoria.dynu.net\/sdpfp\/wp-json\/wp\/v2\/media?parent=3890"}],"wp:term":[{"taxonomy":"category","embeddable":true,"href":"https:\/\/nauvitoria.dynu.net\/sdpfp\/wp-json\/wp\/v2\/categories?post=3890"},{"taxonomy":"post_tag","embeddable":true,"href":"https:\/\/nauvitoria.dynu.net\/sdpfp\/wp-json\/wp\/v2\/tags?post=3890"}],"curies":[{"name":"wp","href":"https:\/\/api.w.org\/{rel}","templated":true}]}}