{"id":3975,"date":"2020-11-19T19:07:05","date_gmt":"2020-11-19T19:07:05","guid":{"rendered":"https:\/\/nauvitoria.dynu.net\/sdpfp\/?p=3975"},"modified":"2020-11-19T19:21:55","modified_gmt":"2020-11-19T19:21:55","slug":"renascer-grupo-de-apoio-ao-luto","status":"publish","type":"post","link":"https:\/\/nauvitoria.dynu.net\/sdpfp\/renascer-grupo-de-apoio-ao-luto\/","title":{"rendered":"Renascer &#8211; Grupo de apoio ao luto"},"content":{"rendered":"<p>Mais uma partilha duma experi\u00eancia vivida de apoio \u00e0s pessoas em luto, uma das linhas de a\u00e7\u00e3o previstas no nosso Plano de A\u00e7\u00e3o 2020\/1. Desta vez estamos com a diocese de Angra do Hero\u00edsmo.<\/p>\n<p><iframe loading=\"lazy\" title=\"Conversas do Sil\u00eancio:  Luto  \u00abRenascer\u00bb para deixar so\u0301 a saudade boa\" width=\"1170\" height=\"658\" src=\"https:\/\/www.youtube.com\/embed\/6_0i-e-U400?feature=oembed\" frameborder=\"0\" allow=\"accelerometer; autoplay; clipboard-write; encrypted-media; gyroscope; picture-in-picture\" allowfullscreen><\/iframe><\/p>\n","protected":false},"excerpt":{"rendered":"<p>Mais uma partilha duma experi\u00eancia vivida de apoio \u00e0s pessoas em luto, uma das linhas de a\u00e7\u00e3o previstas no nosso Plano de A\u00e7\u00e3o 2020\/1. Desta vez estamos com a diocese de Angra do Hero\u00edsmo.<\/p>\n","protected":false},"author":3,"featured_media":3977,"comment_status":"closed","ping_status":"open","sticky":false,"template":"","format":"standard","meta":{"_uag_custom_page_level_css":"","footnotes":""},"categories":[23,109],"tags":[],"class_list":{"0":"post-3975","1":"post","2":"type-post","3":"status-publish","4":"format-standard","5":"has-post-thumbnail","7":"category-documentos","8":"category-luto-documentos","9":"czr-hentry"},"uagb_featured_image_src":{"full":["https:\/\/nauvitoria.dynu.net\/sdpfp\/wp-content\/uploads\/2020\/11\/renascer-grupo-apoio-luto.jpg",1200,800,false],"thumbnail":["https:\/\/nauvitoria.dynu.net\/sdpfp\/wp-content\/uploads\/2020\/11\/renascer-grupo-apoio-luto-150x150.jpg",150,150,true],"medium":["https:\/\/nauvitoria.dynu.net\/sdpfp\/wp-content\/uploads\/2020\/11\/renascer-grupo-apoio-luto-300x200.jpg",300,200,true],"medium_large":["https:\/\/nauvitoria.dynu.net\/sdpfp\/wp-content\/uploads\/2020\/11\/renascer-grupo-apoio-luto-768x512.jpg",768,512,true],"large":["https:\/\/nauvitoria.dynu.net\/sdpfp\/wp-content\/uploads\/2020\/11\/renascer-grupo-apoio-luto-1024x683.jpg",1024,683,true],"1536x1536":["https:\/\/nauvitoria.dynu.net\/sdpfp\/wp-content\/uploads\/2020\/11\/renascer-grupo-apoio-luto.jpg",1200,800,false],"2048x2048":["https:\/\/nauvitoria.dynu.net\/sdpfp\/wp-content\/uploads\/2020\/11\/renascer-grupo-apoio-luto.jpg",1200,800,false],"tc-grid-full":["https:\/\/nauvitoria.dynu.net\/sdpfp\/wp-content\/uploads\/2020\/11\/renascer-grupo-apoio-luto.jpg",525,350,false],"tc-grid":["https:\/\/nauvitoria.dynu.net\/sdpfp\/wp-content\/uploads\/2020\/11\/renascer-grupo-apoio-luto.jpg",525,350,false],"tc-thumb":["https:\/\/nauvitoria.dynu.net\/sdpfp\/wp-content\/uploads\/2020\/11\/renascer-grupo-apoio-luto.jpg",270,180,false],"slider-full":["https:\/\/nauvitoria.dynu.net\/sdpfp\/wp-content\/uploads\/2020\/11\/renascer-grupo-apoio-luto.jpg",750,500,false],"slider":["https:\/\/nauvitoria.dynu.net\/sdpfp\/wp-content\/uploads\/2020\/11\/renascer-grupo-apoio-luto.jpg",750,500,false]},"uagb_author_info":{"display_name":"SDPF","author_link":"https:\/\/nauvitoria.dynu.net\/sdpfp\/author\/sdpf\/"},"uagb_comment_info":0,"uagb_excerpt":"Mais uma partilha duma experi\u00eancia vivida de apoio \u00e0s pessoas em luto, uma das linhas de a\u00e7\u00e3o previstas no nosso Plano de A\u00e7\u00e3o 2020\/1. Desta vez estamos com a diocese de Angra do Hero\u00edsmo.","_links":{"self":[{"href":"https:\/\/nauvitoria.dynu.net\/sdpfp\/wp-json\/wp\/v2\/posts\/3975"}],"collection":[{"href":"https:\/\/nauvitoria.dynu.net\/sdpfp\/wp-json\/wp\/v2\/posts"}],"about":[{"href":"https:\/\/nauvitoria.dynu.net\/sdpfp\/wp-json\/wp\/v2\/types\/post"}],"author":[{"embeddable":true,"href":"https:\/\/nauvitoria.dynu.net\/sdpfp\/wp-json\/wp\/v2\/users\/3"}],"replies":[{"embeddable":true,"href":"https:\/\/nauvitoria.dynu.net\/sdpfp\/wp-json\/wp\/v2\/comments?post=3975"}],"version-history":[{"count":1,"href":"https:\/\/nauvitoria.dynu.net\/sdpfp\/wp-json\/wp\/v2\/posts\/3975\/revisions"}],"predecessor-version":[{"id":3978,"href":"https:\/\/nauvitoria.dynu.net\/sdpfp\/wp-json\/wp\/v2\/posts\/3975\/revisions\/3978"}],"wp:featuredmedia":[{"embeddable":true,"href":"https:\/\/nauvitoria.dynu.net\/sdpfp\/wp-json\/wp\/v2\/media\/3977"}],"wp:attachment":[{"href":"https:\/\/nauvitoria.dynu.net\/sdpfp\/wp-json\/wp\/v2\/media?parent=3975"}],"wp:term":[{"taxonomy":"category","embeddable":true,"href":"https:\/\/nauvitoria.dynu.net\/sdpfp\/wp-json\/wp\/v2\/categories?post=3975"},{"taxonomy":"post_tag","embeddable":true,"href":"https:\/\/nauvitoria.dynu.net\/sdpfp\/wp-json\/wp\/v2\/tags?post=3975"}],"curies":[{"name":"wp","href":"https:\/\/api.w.org\/{rel}","templated":true}]}}