{"id":4024,"date":"2020-11-30T16:32:59","date_gmt":"2020-11-30T16:32:59","guid":{"rendered":"https:\/\/nauvitoria.dynu.net\/sdpfp\/?p=4024"},"modified":"2020-11-30T16:32:59","modified_gmt":"2020-11-30T16:32:59","slug":"dia-diocesano-da-familia-e-noticia","status":"publish","type":"post","link":"https:\/\/nauvitoria.dynu.net\/sdpfp\/dia-diocesano-da-familia-e-noticia\/","title":{"rendered":"Dia Diocesano da Fam\u00edlia \u00e9 not\u00edcia"},"content":{"rendered":"<p>O nosso Dia Diocesano foi referido na Voz Portucalense, na Ecclesia e no Jornal de Not\u00edcias.<br \/>\n<img loading=\"lazy\" decoding=\"async\" class=\"alignnone size-medium wp-image-4026\" src=\"https:\/\/nauvitoria.dynu.net\/sdpfp\/wp-content\/uploads\/2020\/11\/JN_20201128-300x225.jpg\" alt=\"\" width=\"300\" height=\"225\" srcset=\"https:\/\/nauvitoria.dynu.net\/sdpfp\/wp-content\/uploads\/2020\/11\/JN_20201128-300x225.jpg 300w, https:\/\/nauvitoria.dynu.net\/sdpfp\/wp-content\/uploads\/2020\/11\/JN_20201128-1024x768.jpg 1024w, https:\/\/nauvitoria.dynu.net\/sdpfp\/wp-content\/uploads\/2020\/11\/JN_20201128-768x576.jpg 768w, https:\/\/nauvitoria.dynu.net\/sdpfp\/wp-content\/uploads\/2020\/11\/JN_20201128-1536x1152.jpg 1536w, https:\/\/nauvitoria.dynu.net\/sdpfp\/wp-content\/uploads\/2020\/11\/JN_20201128-16x12.jpg 16w, https:\/\/nauvitoria.dynu.net\/sdpfp\/wp-content\/uploads\/2020\/11\/JN_20201128-200x150.jpg 200w, https:\/\/nauvitoria.dynu.net\/sdpfp\/wp-content\/uploads\/2020\/11\/JN_20201128-400x300.jpg 400w, https:\/\/nauvitoria.dynu.net\/sdpfp\/wp-content\/uploads\/2020\/11\/JN_20201128-600x450.jpg 600w, https:\/\/nauvitoria.dynu.net\/sdpfp\/wp-content\/uploads\/2020\/11\/JN_20201128-800x600.jpg 800w, https:\/\/nauvitoria.dynu.net\/sdpfp\/wp-content\/uploads\/2020\/11\/JN_20201128-1200x900.jpg 1200w, https:\/\/nauvitoria.dynu.net\/sdpfp\/wp-content\/uploads\/2020\/11\/JN_20201128-500x375.jpg 500w, https:\/\/nauvitoria.dynu.net\/sdpfp\/wp-content\/uploads\/2020\/11\/JN_20201128-700x525.jpg 700w, https:\/\/nauvitoria.dynu.net\/sdpfp\/wp-content\/uploads\/2020\/11\/JN_20201128.jpg 1920w\" sizes=\"(max-width: 300px) 100vw, 300px\" \/> <img loading=\"lazy\" decoding=\"async\" class=\"alignnone size-medium wp-image-4027\" src=\"https:\/\/nauvitoria.dynu.net\/sdpfp\/wp-content\/uploads\/2020\/11\/IMG_20201129_123830-300x137.jpg\" alt=\"\" width=\"300\" height=\"137\" srcset=\"https:\/\/nauvitoria.dynu.net\/sdpfp\/wp-content\/uploads\/2020\/11\/IMG_20201129_123830-300x137.jpg 300w, https:\/\/nauvitoria.dynu.net\/sdpfp\/wp-content\/uploads\/2020\/11\/IMG_20201129_123830-1024x467.jpg 1024w, https:\/\/nauvitoria.dynu.net\/sdpfp\/wp-content\/uploads\/2020\/11\/IMG_20201129_123830-768x350.jpg 768w, https:\/\/nauvitoria.dynu.net\/sdpfp\/wp-content\/uploads\/2020\/11\/IMG_20201129_123830-1536x700.jpg 1536w, https:\/\/nauvitoria.dynu.net\/sdpfp\/wp-content\/uploads\/2020\/11\/IMG_20201129_123830-2048x934.jpg 2048w, https:\/\/nauvitoria.dynu.net\/sdpfp\/wp-content\/uploads\/2020\/11\/IMG_20201129_123830-16x7.jpg 16w, https:\/\/nauvitoria.dynu.net\/sdpfp\/wp-content\/uploads\/2020\/11\/IMG_20201129_123830-200x91.jpg 200w, https:\/\/nauvitoria.dynu.net\/sdpfp\/wp-content\/uploads\/2020\/11\/IMG_20201129_123830-400x182.jpg 400w, https:\/\/nauvitoria.dynu.net\/sdpfp\/wp-content\/uploads\/2020\/11\/IMG_20201129_123830-600x274.jpg 600w, https:\/\/nauvitoria.dynu.net\/sdpfp\/wp-content\/uploads\/2020\/11\/IMG_20201129_123830-800x365.jpg 800w, https:\/\/nauvitoria.dynu.net\/sdpfp\/wp-content\/uploads\/2020\/11\/IMG_20201129_123830-1200x547.jpg 1200w, https:\/\/nauvitoria.dynu.net\/sdpfp\/wp-content\/uploads\/2020\/11\/IMG_20201129_123830-500x228.jpg 500w, https:\/\/nauvitoria.dynu.net\/sdpfp\/wp-content\/uploads\/2020\/11\/IMG_20201129_123830-700x319.jpg 700w\" sizes=\"(max-width: 300px) 100vw, 300px\" \/><br \/>\n<a href=\"https:\/\/www.vozportucalense.pt\/2020\/11\/29\/bispo-do-porto-sublinha-a-enorme-licao-dos-casais-c-video\/\">https:\/\/www.vozportucalense.pt\/2020\/11\/29\/bispo-do-porto-sublinha-a-enorme-licao-dos-casais-c-video\/<\/a><\/p>\n","protected":false},"excerpt":{"rendered":"<p>O nosso Dia Diocesano foi referido na Voz Portucalense, na Ecclesia e no Jornal de Not\u00edcias. https:\/\/www.vozportucalense.pt\/2020\/11\/29\/bispo-do-porto-sublinha-a-enorme-licao-dos-casais-c-video\/<\/p>\n","protected":false},"author":3,"featured_media":0,"comment_status":"closed","ping_status":"open","sticky":false,"template":"","format":"standard","meta":{"_uag_custom_page_level_css":"","footnotes":""},"categories":[103,88,19],"tags":[],"class_list":{"0":"post-4024","1":"post","2":"type-post","3":"status-publish","4":"format-standard","6":"category-dia-diocesano-da-familia","7":"category-noticias-diocesanas","8":"category-noticias","9":"czr-hentry"},"uagb_featured_image_src":{"full":false,"thumbnail":false,"medium":false,"medium_large":false,"large":false,"1536x1536":false,"2048x2048":false,"tc-grid-full":false,"tc-grid":false,"tc-thumb":false,"slider-full":false,"slider":false},"uagb_author_info":{"display_name":"SDPF","author_link":"https:\/\/nauvitoria.dynu.net\/sdpfp\/author\/sdpf\/"},"uagb_comment_info":0,"uagb_excerpt":"O nosso Dia Diocesano foi referido na Voz Portucalense, na Ecclesia e no Jornal de Not\u00edcias. https:\/\/www.vozportucalense.pt\/2020\/11\/29\/bispo-do-porto-sublinha-a-enorme-licao-dos-casais-c-video\/","_links":{"self":[{"href":"https:\/\/nauvitoria.dynu.net\/sdpfp\/wp-json\/wp\/v2\/posts\/4024"}],"collection":[{"href":"https:\/\/nauvitoria.dynu.net\/sdpfp\/wp-json\/wp\/v2\/posts"}],"about":[{"href":"https:\/\/nauvitoria.dynu.net\/sdpfp\/wp-json\/wp\/v2\/types\/post"}],"author":[{"embeddable":true,"href":"https:\/\/nauvitoria.dynu.net\/sdpfp\/wp-json\/wp\/v2\/users\/3"}],"replies":[{"embeddable":true,"href":"https:\/\/nauvitoria.dynu.net\/sdpfp\/wp-json\/wp\/v2\/comments?post=4024"}],"version-history":[{"count":3,"href":"https:\/\/nauvitoria.dynu.net\/sdpfp\/wp-json\/wp\/v2\/posts\/4024\/revisions"}],"predecessor-version":[{"id":4039,"href":"https:\/\/nauvitoria.dynu.net\/sdpfp\/wp-json\/wp\/v2\/posts\/4024\/revisions\/4039"}],"wp:attachment":[{"href":"https:\/\/nauvitoria.dynu.net\/sdpfp\/wp-json\/wp\/v2\/media?parent=4024"}],"wp:term":[{"taxonomy":"category","embeddable":true,"href":"https:\/\/nauvitoria.dynu.net\/sdpfp\/wp-json\/wp\/v2\/categories?post=4024"},{"taxonomy":"post_tag","embeddable":true,"href":"https:\/\/nauvitoria.dynu.net\/sdpfp\/wp-json\/wp\/v2\/tags?post=4024"}],"curies":[{"name":"wp","href":"https:\/\/api.w.org\/{rel}","templated":true}]}}