{"id":4243,"date":"2021-06-08T18:41:52","date_gmt":"2021-06-08T18:41:52","guid":{"rendered":"https:\/\/nauvitoria.dynu.net\/sdpfp\/?p=4243"},"modified":"2021-07-12T14:18:16","modified_gmt":"2021-07-12T14:18:16","slug":"cuidar-dos-idosos-avos-e-netos-uma-riqueza-pastoral","status":"publish","type":"post","link":"https:\/\/nauvitoria.dynu.net\/sdpfp\/cuidar-dos-idosos-avos-e-netos-uma-riqueza-pastoral\/","title":{"rendered":"Cuidar dos idosos; av\u00f3s e netos, uma riqueza pastoral"},"content":{"rendered":"<p>No dia 16 de julho pelas 21h30 teremos nova oportunidade de reflex\u00e3o e forma\u00e7\u00e3o online.<br \/>\nContaremos com o testemunho de um casal de av\u00f3s e seus netos, com a partilha de um casal que h\u00e1 dois anos participou em Roma num encontro sobre este tema e com o testemunho da experi\u00eancia de uma par\u00f3quia que tem sabido aproveitar a riqueza da comunh\u00e3o intergeracional.<br \/>\nO evento \u00e9 de acesso livre pelo link: https:\/\/us02web.zoom.us\/j\/89948348721<\/p>\n","protected":false},"excerpt":{"rendered":"<p>No dia 16 de julho pelas 21h30 teremos nova oportunidade de reflex\u00e3o e forma\u00e7\u00e3o online. Contaremos com o testemunho de um casal de av\u00f3s e seus netos, com a partilha de um casal que h\u00e1 dois anos participou em Roma num encontro sobre este tema e com o testemunho da experi\u00eancia de uma par\u00f3quia que [&hellip;]<\/p>\n","protected":false},"author":3,"featured_media":4244,"comment_status":"closed","ping_status":"open","sticky":false,"template":"","format":"standard","meta":{"_uag_custom_page_level_css":"","footnotes":""},"categories":[105,88,23],"tags":[],"class_list":{"0":"post-4243","1":"post","2":"type-post","3":"status-publish","4":"format-standard","5":"has-post-thumbnail","7":"category-contributos-para-formacoes","8":"category-noticias-diocesanas","9":"category-documentos","10":"czr-hentry"},"uagb_featured_image_src":{"full":["https:\/\/nauvitoria.dynu.net\/sdpfp\/wp-content\/uploads\/2021\/06\/Avos-e-netos_1_a.jpg",593,326,false],"thumbnail":["https:\/\/nauvitoria.dynu.net\/sdpfp\/wp-content\/uploads\/2021\/06\/Avos-e-netos_1_a-150x150.jpg",150,150,true],"medium":["https:\/\/nauvitoria.dynu.net\/sdpfp\/wp-content\/uploads\/2021\/06\/Avos-e-netos_1_a-300x165.jpg",300,165,true],"medium_large":["https:\/\/nauvitoria.dynu.net\/sdpfp\/wp-content\/uploads\/2021\/06\/Avos-e-netos_1_a.jpg",593,326,false],"large":["https:\/\/nauvitoria.dynu.net\/sdpfp\/wp-content\/uploads\/2021\/06\/Avos-e-netos_1_a.jpg",593,326,false],"1536x1536":["https:\/\/nauvitoria.dynu.net\/sdpfp\/wp-content\/uploads\/2021\/06\/Avos-e-netos_1_a.jpg",593,326,false],"2048x2048":["https:\/\/nauvitoria.dynu.net\/sdpfp\/wp-content\/uploads\/2021\/06\/Avos-e-netos_1_a.jpg",593,326,false],"tc-grid-full":["https:\/\/nauvitoria.dynu.net\/sdpfp\/wp-content\/uploads\/2021\/06\/Avos-e-netos_1_a.jpg",593,326,false],"tc-grid":["https:\/\/nauvitoria.dynu.net\/sdpfp\/wp-content\/uploads\/2021\/06\/Avos-e-netos_1_a.jpg",570,313,false],"tc-thumb":["https:\/\/nauvitoria.dynu.net\/sdpfp\/wp-content\/uploads\/2021\/06\/Avos-e-netos_1_a.jpg",270,148,false],"slider-full":["https:\/\/nauvitoria.dynu.net\/sdpfp\/wp-content\/uploads\/2021\/06\/Avos-e-netos_1_a.jpg",593,326,false],"slider":["https:\/\/nauvitoria.dynu.net\/sdpfp\/wp-content\/uploads\/2021\/06\/Avos-e-netos_1_a.jpg",593,326,false]},"uagb_author_info":{"display_name":"SDPF","author_link":"https:\/\/nauvitoria.dynu.net\/sdpfp\/author\/sdpf\/"},"uagb_comment_info":0,"uagb_excerpt":"No dia 16 de julho pelas 21h30 teremos nova oportunidade de reflex\u00e3o e forma\u00e7\u00e3o online. Contaremos com o testemunho de um casal de av\u00f3s e seus netos, com a partilha de um casal que h\u00e1 dois anos participou em Roma num encontro sobre este tema e com o testemunho da experi\u00eancia de uma par\u00f3quia que&hellip;","_links":{"self":[{"href":"https:\/\/nauvitoria.dynu.net\/sdpfp\/wp-json\/wp\/v2\/posts\/4243"}],"collection":[{"href":"https:\/\/nauvitoria.dynu.net\/sdpfp\/wp-json\/wp\/v2\/posts"}],"about":[{"href":"https:\/\/nauvitoria.dynu.net\/sdpfp\/wp-json\/wp\/v2\/types\/post"}],"author":[{"embeddable":true,"href":"https:\/\/nauvitoria.dynu.net\/sdpfp\/wp-json\/wp\/v2\/users\/3"}],"replies":[{"embeddable":true,"href":"https:\/\/nauvitoria.dynu.net\/sdpfp\/wp-json\/wp\/v2\/comments?post=4243"}],"version-history":[{"count":3,"href":"https:\/\/nauvitoria.dynu.net\/sdpfp\/wp-json\/wp\/v2\/posts\/4243\/revisions"}],"predecessor-version":[{"id":4274,"href":"https:\/\/nauvitoria.dynu.net\/sdpfp\/wp-json\/wp\/v2\/posts\/4243\/revisions\/4274"}],"wp:featuredmedia":[{"embeddable":true,"href":"https:\/\/nauvitoria.dynu.net\/sdpfp\/wp-json\/wp\/v2\/media\/4244"}],"wp:attachment":[{"href":"https:\/\/nauvitoria.dynu.net\/sdpfp\/wp-json\/wp\/v2\/media?parent=4243"}],"wp:term":[{"taxonomy":"category","embeddable":true,"href":"https:\/\/nauvitoria.dynu.net\/sdpfp\/wp-json\/wp\/v2\/categories?post=4243"},{"taxonomy":"post_tag","embeddable":true,"href":"https:\/\/nauvitoria.dynu.net\/sdpfp\/wp-json\/wp\/v2\/tags?post=4243"}],"curies":[{"name":"wp","href":"https:\/\/api.w.org\/{rel}","templated":true}]}}