{"id":4702,"date":"2023-12-20T23:06:04","date_gmt":"2023-12-20T23:06:04","guid":{"rendered":"https:\/\/nauvitoria.dynu.net\/sdpfp\/?p=4702"},"modified":"2024-04-01T17:22:48","modified_gmt":"2024-04-01T17:22:48","slug":"dia-diocesano-da-familia-3","status":"publish","type":"post","link":"https:\/\/nauvitoria.dynu.net\/sdpfp\/dia-diocesano-da-familia-3\/","title":{"rendered":"Dia Diocesano da Fam\u00edlia"},"content":{"rendered":"\n<div class=\"wp-block-columns is-layout-flex wp-container-core-columns-is-layout-1 wp-block-columns-is-layout-flex\">\n<div class=\"wp-block-column is-layout-flow wp-block-column-is-layout-flow\">\n<figure class=\"wp-block-image size-full\"><img loading=\"lazy\" decoding=\"async\" width=\"720\" height=\"960\" src=\"https:\/\/nauvitoria.dynu.net\/sdpfp\/wp-content\/uploads\/2023\/12\/sdpf-v6.bmp\" alt=\"\" class=\"wp-image-4856\"\/><\/figure>\n<\/div>\n\n\n\n<div class=\"wp-block-column is-layout-flow wp-block-column-is-layout-flow\">\n<p><strong>Data:<\/strong> 26\/05\/2024<br \/><strong>Localiza\u00e7\u00e3o:<\/strong> Europarque, Santa Maria da Feira<\/p>\n<h3 style=\"text-align: center;\"><strong>Participa na Grande Festa das Fam\u00edlias <br \/><\/strong><strong>da Diocese do Porto<\/strong><\/h3>\n<h2 style=\"text-align: center;\"><em><strong>Vem e convida outra Fam\u00edlia: <\/strong><\/em><br \/><em><strong>contamos com todos, todos, todos<\/strong><\/em><\/h2>\n<p>Para <strong>efetuar inscri\u00e7\u00e3o<\/strong> no Dia Diocesano da Fam\u00edlia de 26\/5\/2024 pode:<\/p>\n<ul>\n<li>1) Fazer a inscri\u00e7\u00e3o online\u00a0<a href=\"https:\/\/forms.gle\/2vXtiDhix1KvM1DT7\" target=\"_blank\" rel=\"noreferrer noopener\">aqui<\/a><\/li>\n<li>2) Descarregar o\u00a0<a href=\"https:\/\/nauvitoria.dynu.net\/sdpfp\/wp-content\/uploads\/2024\/01\/Ficha-de-inscricao-JMC-editavel-A5.pdf\" target=\"_blank\" rel=\"noreferrer noopener\">formul\u00e1rio edit\u00e1vel aqui,<\/a>\u00a0gravar e enviar para\u00a0<a href=\"mailto:pastoralfamiliar.porto@gmail.com\" target=\"_blank\" rel=\"noreferrer noopener\">pastoralfamiliar.porto@gmail.com<\/a><\/li>\n<li>2) Descarregar\u00a0<a href=\"https:\/\/nauvitoria.dynu.net\/sdpfp\/wp-content\/uploads\/2024\/01\/Ficha-de-inscricao-JMC.pdf\" data-type=\"link\" data-id=\"https:\/\/nauvitoria.dynu.net\/sdpfp\/wp-content\/uploads\/2024\/01\/Ficha-de-inscricao-JMC.pdf\">o formul\u00e1rio aqui<\/a>, preencher \u00e1 m\u00e3o, digitalizar e enviar para\u00a0<a href=\"mailto:pastoralfamiliar.porto@gmail.com\" target=\"_blank\" rel=\"noreferrer noopener\">pastoralfamiliar.porto@gmail.com<\/a><\/li>\n<\/ul>\n<\/div>\n<\/div>\n","protected":false},"excerpt":{"rendered":"<p>Data: 26\/05\/2024Localiza\u00e7\u00e3o: Europarque, Santa Maria da Feira Participa na Grande Festa das Fam\u00edlias da Diocese do Porto Vem e convida outra Fam\u00edlia: contamos com todos, todos, todos Para efetuar inscri\u00e7\u00e3o no Dia Diocesano da Fam\u00edlia de 26\/5\/2024 pode: 1) Fazer a inscri\u00e7\u00e3o online\u00a0aqui 2) Descarregar o\u00a0formul\u00e1rio edit\u00e1vel aqui,\u00a0gravar e enviar para\u00a0pastoralfamiliar.porto@gmail.com 2) Descarregar\u00a0o formul\u00e1rio aqui, [&hellip;]<\/p>\n","protected":false},"author":5,"featured_media":0,"comment_status":"closed","ping_status":"open","sticky":false,"template":"","format":"standard","meta":{"_uag_custom_page_level_css":"","footnotes":""},"categories":[116,1],"tags":[],"class_list":{"0":"post-4702","1":"post","2":"type-post","3":"status-publish","4":"format-standard","6":"category-evento","7":"category-movimentos","8":"czr-hentry"},"uagb_featured_image_src":{"full":false,"thumbnail":false,"medium":false,"medium_large":false,"large":false,"1536x1536":false,"2048x2048":false,"tc-grid-full":false,"tc-grid":false,"tc-thumb":false,"slider-full":false,"slider":false},"uagb_author_info":{"display_name":"Jos\u00e9 Cabeda","author_link":"https:\/\/nauvitoria.dynu.net\/sdpfp\/author\/jcabeda\/"},"uagb_comment_info":0,"uagb_excerpt":"Data: 26\/05\/2024Localiza\u00e7\u00e3o: Europarque, Santa Maria da Feira Participa na Grande Festa das Fam\u00edlias da Diocese do Porto Vem e convida outra Fam\u00edlia: contamos com todos, todos, todos Para efetuar inscri\u00e7\u00e3o no Dia Diocesano da Fam\u00edlia de 26\/5\/2024 pode: 1) Fazer a inscri\u00e7\u00e3o online\u00a0aqui 2) Descarregar o\u00a0formul\u00e1rio edit\u00e1vel aqui,\u00a0gravar e enviar para\u00a0pastoralfamiliar.porto@gmail.com 2) Descarregar\u00a0o formul\u00e1rio aqui,&hellip;","_links":{"self":[{"href":"https:\/\/nauvitoria.dynu.net\/sdpfp\/wp-json\/wp\/v2\/posts\/4702"}],"collection":[{"href":"https:\/\/nauvitoria.dynu.net\/sdpfp\/wp-json\/wp\/v2\/posts"}],"about":[{"href":"https:\/\/nauvitoria.dynu.net\/sdpfp\/wp-json\/wp\/v2\/types\/post"}],"author":[{"embeddable":true,"href":"https:\/\/nauvitoria.dynu.net\/sdpfp\/wp-json\/wp\/v2\/users\/5"}],"replies":[{"embeddable":true,"href":"https:\/\/nauvitoria.dynu.net\/sdpfp\/wp-json\/wp\/v2\/comments?post=4702"}],"version-history":[{"count":4,"href":"https:\/\/nauvitoria.dynu.net\/sdpfp\/wp-json\/wp\/v2\/posts\/4702\/revisions"}],"predecessor-version":[{"id":4858,"href":"https:\/\/nauvitoria.dynu.net\/sdpfp\/wp-json\/wp\/v2\/posts\/4702\/revisions\/4858"}],"wp:attachment":[{"href":"https:\/\/nauvitoria.dynu.net\/sdpfp\/wp-json\/wp\/v2\/media?parent=4702"}],"wp:term":[{"taxonomy":"category","embeddable":true,"href":"https:\/\/nauvitoria.dynu.net\/sdpfp\/wp-json\/wp\/v2\/categories?post=4702"},{"taxonomy":"post_tag","embeddable":true,"href":"https:\/\/nauvitoria.dynu.net\/sdpfp\/wp-json\/wp\/v2\/tags?post=4702"}],"curies":[{"name":"wp","href":"https:\/\/api.w.org\/{rel}","templated":true}]}}