{"id":4728,"date":"2023-12-20T22:48:16","date_gmt":"2023-12-20T22:48:16","guid":{"rendered":"https:\/\/nauvitoria.dynu.net\/sdpfp\/?p=4728"},"modified":"2023-12-21T14:04:41","modified_gmt":"2023-12-21T14:04:41","slug":"formacao-lideranca-em-grupos-pastorais","status":"publish","type":"post","link":"https:\/\/nauvitoria.dynu.net\/sdpfp\/formacao-lideranca-em-grupos-pastorais\/","title":{"rendered":"Forma\u00e7\u00e3o: Lideran\u00e7a em grupos Pastorais"},"content":{"rendered":"\n<div class=\"wp-block-columns is-layout-flex wp-container-core-columns-is-layout-1 wp-block-columns-is-layout-flex\">\n<div class=\"wp-block-column is-layout-flow wp-block-column-is-layout-flow\">\n<figure class=\"wp-block-image size-large\"><img loading=\"lazy\" decoding=\"async\" width=\"728\" height=\"1024\" src=\"https:\/\/nauvitoria.dynu.net\/sdpfp\/wp-content\/uploads\/2023\/12\/Lideranca-em-Pastoral-v3-728x1024.png\" alt=\"\" class=\"wp-image-4735\" srcset=\"https:\/\/nauvitoria.dynu.net\/sdpfp\/wp-content\/uploads\/2023\/12\/Lideranca-em-Pastoral-v3-728x1024.png 728w, https:\/\/nauvitoria.dynu.net\/sdpfp\/wp-content\/uploads\/2023\/12\/Lideranca-em-Pastoral-v3-213x300.png 213w, https:\/\/nauvitoria.dynu.net\/sdpfp\/wp-content\/uploads\/2023\/12\/Lideranca-em-Pastoral-v3-768x1080.png 768w, https:\/\/nauvitoria.dynu.net\/sdpfp\/wp-content\/uploads\/2023\/12\/Lideranca-em-Pastoral-v3-1092x1536.png 1092w, https:\/\/nauvitoria.dynu.net\/sdpfp\/wp-content\/uploads\/2023\/12\/Lideranca-em-Pastoral-v3-1456x2048.png 1456w\" sizes=\"(max-width: 728px) 100vw, 728px\" \/><\/figure>\n<\/div>\n\n\n\n<div class=\"wp-block-column is-layout-flow wp-block-column-is-layout-flow\">\n<ul>\n<li><strong>Data e Hora:<\/strong> 2024\/01\/06 das 9h \u00e1s 10h<\/li>\n<li><strong>Localiza\u00e7\u00e3o:<\/strong> S. Jo\u00e3o da Madeira (Sal\u00e3o Paroquial)<\/li>\n<li><strong>Transmiss\u00e3o zoom:<\/strong>\n<ul>\n<li><strong>ID da reuni\u00e3o:<\/strong> 849 4151 2488<\/li>\n<li><strong>senha: Lideranca<\/strong><\/li>\n<li><strong>Link:<\/strong> <a href=\"https:\/\/us02web.zoom.us\/j\/84941512488?pwd=VzZncXFRWVZ4NkMxc1FhcWVpaHBKUT09\" target=\"_blank\" rel=\"noopener\">https:\/\/us02web.zoom.us\/j\/84941512488?pwd=VzZncXFRWVZ4NkMxc1FhcWVpaHBKUT09<\/a><\/li>\n<\/ul>\n<\/li>\n<li><strong>Oradores<\/strong>\n<ul>\n<li>Dr. Adelino Cunha\n<ul>\n<li>Especialista em PNI<\/li>\n<li>Formador em Lideran\u00e7a<\/li>\n<\/ul>\n<\/li>\n<li>Dr. Juan Ambr\u00f3sio\n<ul>\n<li>Universidade Cat\u00f3lica Portuguesa<\/li>\n<\/ul>\n<\/li>\n<li>Pe. S\u00e9rgio Leal\n<ul>\n<li>Universidade Cat\u00f3lica Portuguesa<\/li>\n<li>P\u00e1roco<\/li>\n<\/ul>\n<\/li>\n<\/ul>\n<\/li>\n<\/ul>\n<\/div>\n<\/div>\n","protected":false},"excerpt":{"rendered":"<p>Data e Hora: 2024\/01\/06 das 9h \u00e1s 10h Localiza\u00e7\u00e3o: S. Jo\u00e3o da Madeira (Sal\u00e3o Paroquial) Transmiss\u00e3o zoom: ID da reuni\u00e3o: 849 4151 2488 senha: Lideranca Link: https:\/\/us02web.zoom.us\/j\/84941512488?pwd=VzZncXFRWVZ4NkMxc1FhcWVpaHBKUT09 Oradores Dr. Adelino Cunha Especialista em PNI Formador em Lideran\u00e7a Dr. Juan Ambr\u00f3sio Universidade Cat\u00f3lica Portuguesa Pe. S\u00e9rgio Leal Universidade Cat\u00f3lica Portuguesa P\u00e1roco<\/p>\n","protected":false},"author":5,"featured_media":0,"comment_status":"closed","ping_status":"open","sticky":false,"template":"","format":"standard","meta":{"_uag_custom_page_level_css":"","footnotes":""},"categories":[1],"tags":[],"class_list":{"0":"post-4728","1":"post","2":"type-post","3":"status-publish","4":"format-standard","6":"category-movimentos","7":"czr-hentry"},"uagb_featured_image_src":{"full":false,"thumbnail":false,"medium":false,"medium_large":false,"large":false,"1536x1536":false,"2048x2048":false,"tc-grid-full":false,"tc-grid":false,"tc-thumb":false,"slider-full":false,"slider":false},"uagb_author_info":{"display_name":"Jos\u00e9 Cabeda","author_link":"https:\/\/nauvitoria.dynu.net\/sdpfp\/author\/jcabeda\/"},"uagb_comment_info":0,"uagb_excerpt":"Data e Hora: 2024\/01\/06 das 9h \u00e1s 10h Localiza\u00e7\u00e3o: S. Jo\u00e3o da Madeira (Sal\u00e3o Paroquial) Transmiss\u00e3o zoom: ID da reuni\u00e3o: 849 4151 2488 senha: Lideranca Link: https:\/\/us02web.zoom.us\/j\/84941512488?pwd=VzZncXFRWVZ4NkMxc1FhcWVpaHBKUT09 Oradores Dr. Adelino Cunha Especialista em PNI Formador em Lideran\u00e7a Dr. Juan Ambr\u00f3sio Universidade Cat\u00f3lica Portuguesa Pe. S\u00e9rgio Leal Universidade Cat\u00f3lica Portuguesa P\u00e1roco","_links":{"self":[{"href":"https:\/\/nauvitoria.dynu.net\/sdpfp\/wp-json\/wp\/v2\/posts\/4728"}],"collection":[{"href":"https:\/\/nauvitoria.dynu.net\/sdpfp\/wp-json\/wp\/v2\/posts"}],"about":[{"href":"https:\/\/nauvitoria.dynu.net\/sdpfp\/wp-json\/wp\/v2\/types\/post"}],"author":[{"embeddable":true,"href":"https:\/\/nauvitoria.dynu.net\/sdpfp\/wp-json\/wp\/v2\/users\/5"}],"replies":[{"embeddable":true,"href":"https:\/\/nauvitoria.dynu.net\/sdpfp\/wp-json\/wp\/v2\/comments?post=4728"}],"version-history":[{"count":4,"href":"https:\/\/nauvitoria.dynu.net\/sdpfp\/wp-json\/wp\/v2\/posts\/4728\/revisions"}],"predecessor-version":[{"id":4750,"href":"https:\/\/nauvitoria.dynu.net\/sdpfp\/wp-json\/wp\/v2\/posts\/4728\/revisions\/4750"}],"wp:attachment":[{"href":"https:\/\/nauvitoria.dynu.net\/sdpfp\/wp-json\/wp\/v2\/media?parent=4728"}],"wp:term":[{"taxonomy":"category","embeddable":true,"href":"https:\/\/nauvitoria.dynu.net\/sdpfp\/wp-json\/wp\/v2\/categories?post=4728"},{"taxonomy":"post_tag","embeddable":true,"href":"https:\/\/nauvitoria.dynu.net\/sdpfp\/wp-json\/wp\/v2\/tags?post=4728"}],"curies":[{"name":"wp","href":"https:\/\/api.w.org\/{rel}","templated":true}]}}